{"id":19284,"date":"2019-08-04T00:00:00","date_gmt":"2019-08-03T22:00:00","guid":{"rendered":"https:\/\/www.designdiffusion.com\/2019\/08\/04\/temporary-architecture-casa-conteiner-casacor-sao-paulo\/"},"modified":"2023-07-24T15:18:24","modified_gmt":"2023-07-24T13:18:24","slug":"temporary-architecture-casa-conteiner-casacor-sao-paulo","status":"publish","type":"post","link":"https:\/\/designdiffusion.com\/en\/2019\/08\/04\/temporary-architecture-casa-conteiner-casacor-sao-paulo\/","title":{"rendered":"Temporary architecture: Casa Cont\u00eainer, from Casacor S\u00e3o Paulo"},"content":{"rendered":"<p class=\"p1\"><span class=\"s1\">Following the <a href=\"\/?p=140424\">Deca Lab by Ricardo Bello Dias<\/a>, (read <a href=\"\/?p=140424\">here<\/a>), here is another <strong>temporary architecture from Casacor San Paolo 2019, the Casa Cont\u00eainer<\/strong> (The Container House), a project by the <strong>architect Marilia Pellegrini<\/strong>, which promotes sustainability and reuse.<\/span><\/p>\n<figure id=\"attachment_11670\" aria-describedby=\"caption-attachment-11670\" style=\"width: 787px\" class=\"wp-caption aligncenter\"><img fetchpriority=\"high\" decoding=\"async\" class=\"size-full wp-image-11669\" src=\"http:\/\/www.designdiffusion.com\/wp-content\/uploads\/2023\/07\/cosentino_container_soggiorno-1.jpg\" alt=\"casa-conteiner-cosentino-casacor-s\u00e3o-paolo-2019.jpg\" width=\"787\" height=\"525\" \/><figcaption id=\"caption-attachment-11670\" class=\"wp-caption-text\">Casa Cont\u00eainer Cosentino, design by Marilia Pellegrini, Casacor S\u00e3o Paulo 2019.<\/figcaption><\/figure>\n<p class=\"p1\"><span class=\"s1\">The reuse of containers to make homes is not really new; however, architect Marilia Pellegrini aims to show that <strong>even in a container you can make fascinating settings<\/strong>, in addition to <strong>reducing costs, simplifying construction techniques and speeding up the completion of the project<\/strong>.<\/span><\/p>\n<p>Read also\u00a0<a href=\"\/?p=140424\">Deca Lab and Ricardo Bello Dias: a lab for the house fo tomorrow<\/a><\/p>\n<figure id=\"attachment_11646\" aria-describedby=\"caption-attachment-11646\" style=\"width: 787px\" class=\"wp-caption aligncenter\"><img decoding=\"async\" class=\"size-full wp-image-11645\" src=\"http:\/\/www.designdiffusion.com\/wp-content\/uploads\/2023\/07\/cosentino_container_2-1.jpg\" alt=\"casa-conteiner-cosentino-casacor-s\u00e3o-paolo-2019.jpg\" width=\"787\" height=\"525\" \/><figcaption id=\"caption-attachment-11646\" class=\"wp-caption-text\">Casa Cont\u00eainer Cosentino, design by Marilia Pellegrini, Casacor S\u00e3o Paulo 2019.<\/figcaption><\/figure>\n<h3 class=\"p1\"><span class=\"s1\">A complete house in 60 square meters<\/span><\/h3>\n<p class=\"p1\"><span class=\"s1\"><strong>The Casa Cont\u00eainer (Container House Cosentino) occupies an area of 60 square meters<\/strong>, resulting from the combination of <strong>two 40-foot containers<\/strong>. This space includes a living room, dining area, kitchen, bedroom, laundry room, and a large, comfortable bathroom.<\/span><\/p>\n<figure id=\"attachment_11644\" aria-describedby=\"caption-attachment-11644\" style=\"width: 787px\" class=\"wp-caption aligncenter\"><img decoding=\"async\" class=\"size-full wp-image-11643\" src=\"http:\/\/www.designdiffusion.com\/wp-content\/uploads\/2023\/07\/cosentino_container_1-1.jpg\" alt=\"casa-conteiner-cosentino-casacor-s\u00e3o-paolo-2019.jpg\" width=\"787\" height=\"525\" \/><figcaption id=\"caption-attachment-11644\" class=\"wp-caption-text\">Casa Cont\u00eainer Cosentino, design by Marilia Pellegrini, Casacor S\u00e3o Paulo 2019.<\/figcaption><\/figure>\n<p><span class=\"s1\">The concept of the environment is inspired by the culture of Japanese homes, with a very rational use of space; <strong>the white and minimal mood<\/strong> completes the atmosphere, confirming the beauty and elegance of the house.<\/span><\/p>\n\n<h3 class=\"p1\"><span class=\"s1\">Dekton in white color and Carrara marble-like finishing for the essential mood<\/span><\/h3>\n<p class=\"p1\"><span class=\"s1\"><strong>The facade cladding, floors and sunshade panels are made of<\/strong> <a href=\"\/?p=138770\">Dekton<\/a>, a solid surface produced by <a href=\"https:\/\/www.cosentino.com\/news\/cosentino-featured-at-casacor-sao-paulo-2019\/\">Cosentino<\/a>. Dekton, also made with white Carrara marble finish, is a material highly resistant to aging, abrasion, stains, sun rays, and <strong>allows to have a seamless finish for the interior and exterior of the house.<\/strong><\/span><\/p>\n<figure id=\"attachment_11654\" aria-describedby=\"caption-attachment-11654\" style=\"width: 787px\" class=\"wp-caption aligncenter\"><img loading=\"lazy\" decoding=\"async\" class=\"size-full wp-image-11653\" src=\"http:\/\/www.designdiffusion.com\/wp-content\/uploads\/2023\/07\/cosentino_container_cucina-1.jpg\" alt=\"casa-conteiner-cosentino-casacor-s\u00e3o-paolo-2019.jpg\" width=\"787\" height=\"525\" \/><figcaption id=\"caption-attachment-11654\" class=\"wp-caption-text\">Casa Cont\u00eainer Cosentino, design by Marilia Pellegrini, Casacor S\u00e3o Paulo 2019.<\/figcaption><\/figure>\n<p class=\"p1\"><span class=\"s1\">The result is an essential house with a strong personality, thanks also to the <a href=\"https:\/\/designdiffusion.com\/en\/tag\/furniture-en\/\">furniture<\/a>, which includes several pieces designed by international designers and made in Italy, including the wardrobe of the bedroom, by MisuraEmme.<\/span><\/p>\n\n<h3 class=\"p1\"><span class=\"s1\">A complete house, with the garden<\/span><\/h3>\n<p class=\"p1\"><span class=\"s1\"><strong>Casa Cont\u00eainer&#8217;s project also includes an outdoor area with a garden, 90 square meters in size<\/strong>, with fruit trees and a <strong>bench made up of 204 slabs of Brazilian granite<\/strong>, creating a sculptural spiral.<\/span><\/p>\n\n<p class=\"p1\"><span class=\"s1\">With such an arrangement, the container becomes a housing solution that satisfies every living need, even from the style angle, for an increasingly nomadic generation.<\/span>(Roberta Mutti)<\/p>\n<p>Read also\u00a0<a href=\"\/?p=140424\">Deca Lab and Ricardo Bello Dias: a lab for the house fo tomorrow<\/a><\/p>\n","protected":false},"excerpt":{"rendered":"<p>Following the Deca Lab by Ricardo Bello Dias, (read here), here is another temporary architecture from Casacor San Paolo 2019, the Casa Cont\u00eainer (The Container House), a project by the architect Marilia Pellegrini, which promotes sustainability and reuse. The reuse of containers to make homes is not really new; however, architect Marilia Pellegrini aims to [&hellip;]<\/p>\n","protected":false},"author":1,"featured_media":14745,"comment_status":"closed","ping_status":"closed","sticky":false,"template":"","format":"standard","meta":{"footnotes":""},"categories":[325],"tags":[299],"class_list":["post-19284","post","type-post","status-publish","format-standard","has-post-thumbnail","hentry","category-architecture","tag-furniture"],"yoast_head":"<!-- This site is optimized with the Yoast SEO plugin v27.0 - https:\/\/yoast.com\/product\/yoast-seo-wordpress\/ -->\n<title>Temporary architecture: Casa Cont\u00eainer, from Casacor S\u00e3o Paulo<\/title>\n<meta name=\"description\" content=\"From Casacor S\u00e3o Paulo 2019, the Casa Cont\u00eainer Cosentino, a house created with two 40 foot containers, covered with Dekton\" \/>\n<meta name=\"robots\" content=\"index, follow, max-snippet:-1, max-image-preview:large, max-video-preview:-1\" \/>\n<link rel=\"canonical\" href=\"https:\/\/designdiffusion.com\/en\/2019\/08\/04\/temporary-architecture-casa-conteiner-casacor-sao-paulo\/\" \/>\n<meta property=\"og:locale\" content=\"en_US\" \/>\n<meta property=\"og:type\" content=\"article\" \/>\n<meta property=\"og:title\" content=\"Temporary architecture: Casa Cont\u00eainer, from Casacor S\u00e3o Paulo\" \/>\n<meta property=\"og:description\" content=\"From Casacor S\u00e3o Paulo 2019, the Casa Cont\u00eainer Cosentino, a house created with two 40 foot containers, covered with Dekton\" \/>\n<meta property=\"og:url\" content=\"https:\/\/designdiffusion.com\/en\/2019\/08\/04\/temporary-architecture-casa-conteiner-casacor-sao-paulo\/\" \/>\n<meta property=\"og:site_name\" content=\"Design Diffusion\" \/>\n<meta property=\"article:published_time\" content=\"2019-08-03T22:00:00+00:00\" \/>\n<meta property=\"article:modified_time\" content=\"2023-07-24T13:18:24+00:00\" \/>\n<meta property=\"og:image\" content=\"https:\/\/designdiffusion.com\/wp-content\/uploads\/2023\/07\/cosentino_container_soggiorno_letto-1.jpg\" \/>\n\t<meta property=\"og:image:width\" content=\"787\" \/>\n\t<meta property=\"og:image:height\" content=\"525\" \/>\n\t<meta property=\"og:image:type\" content=\"image\/jpeg\" \/>\n<meta name=\"author\" content=\"mirko\" \/>\n<meta name=\"twitter:card\" content=\"summary_large_image\" \/>\n<meta name=\"twitter:label1\" content=\"Written by\" \/>\n\t<meta name=\"twitter:data1\" content=\"mirko\" \/>\n\t<meta name=\"twitter:label2\" content=\"Est. reading time\" \/>\n\t<meta name=\"twitter:data2\" content=\"3 minutes\" \/>\n<script type=\"application\/ld+json\" class=\"yoast-schema-graph\">{\"@context\":\"https:\/\/schema.org\",\"@graph\":[{\"@type\":\"Article\",\"@id\":\"https:\/\/designdiffusion.com\/en\/2019\/08\/04\/temporary-architecture-casa-conteiner-casacor-sao-paulo\/#article\",\"isPartOf\":{\"@id\":\"https:\/\/designdiffusion.com\/en\/2019\/08\/04\/temporary-architecture-casa-conteiner-casacor-sao-paulo\/\"},\"author\":{\"name\":\"mirko\",\"@id\":\"https:\/\/designdiffusion.com\/en\/#\/schema\/person\/41f3fa9c7c411c44c1e9697df9f68e4b\"},\"headline\":\"Temporary architecture: Casa Cont\u00eainer, from Casacor S\u00e3o Paulo\",\"datePublished\":\"2019-08-03T22:00:00+00:00\",\"dateModified\":\"2023-07-24T13:18:24+00:00\",\"mainEntityOfPage\":{\"@id\":\"https:\/\/designdiffusion.com\/en\/2019\/08\/04\/temporary-architecture-casa-conteiner-casacor-sao-paulo\/\"},\"wordCount\":541,\"publisher\":{\"@id\":\"https:\/\/designdiffusion.com\/en\/#organization\"},\"image\":{\"@id\":\"https:\/\/designdiffusion.com\/en\/2019\/08\/04\/temporary-architecture-casa-conteiner-casacor-sao-paulo\/#primaryimage\"},\"thumbnailUrl\":\"https:\/\/designdiffusion.com\/wp-content\/uploads\/2023\/07\/cosentino_container_soggiorno_letto-1.jpg\",\"keywords\":[\"furniture\"],\"articleSection\":[\"Architecture\"],\"inLanguage\":\"en-US\"},{\"@type\":\"WebPage\",\"@id\":\"https:\/\/designdiffusion.com\/en\/2019\/08\/04\/temporary-architecture-casa-conteiner-casacor-sao-paulo\/\",\"url\":\"https:\/\/designdiffusion.com\/en\/2019\/08\/04\/temporary-architecture-casa-conteiner-casacor-sao-paulo\/\",\"name\":\"Temporary architecture: Casa Cont\u00eainer, from Casacor S\u00e3o Paulo\",\"isPartOf\":{\"@id\":\"https:\/\/designdiffusion.com\/en\/#website\"},\"primaryImageOfPage\":{\"@id\":\"https:\/\/designdiffusion.com\/en\/2019\/08\/04\/temporary-architecture-casa-conteiner-casacor-sao-paulo\/#primaryimage\"},\"image\":{\"@id\":\"https:\/\/designdiffusion.com\/en\/2019\/08\/04\/temporary-architecture-casa-conteiner-casacor-sao-paulo\/#primaryimage\"},\"thumbnailUrl\":\"https:\/\/designdiffusion.com\/wp-content\/uploads\/2023\/07\/cosentino_container_soggiorno_letto-1.jpg\",\"datePublished\":\"2019-08-03T22:00:00+00:00\",\"dateModified\":\"2023-07-24T13:18:24+00:00\",\"description\":\"From Casacor S\u00e3o Paulo 2019, the Casa Cont\u00eainer Cosentino, a house created with two 40 foot containers, covered with Dekton\",\"breadcrumb\":{\"@id\":\"https:\/\/designdiffusion.com\/en\/2019\/08\/04\/temporary-architecture-casa-conteiner-casacor-sao-paulo\/#breadcrumb\"},\"inLanguage\":\"en-US\",\"potentialAction\":[{\"@type\":\"ReadAction\",\"target\":[\"https:\/\/designdiffusion.com\/en\/2019\/08\/04\/temporary-architecture-casa-conteiner-casacor-sao-paulo\/\"]}]},{\"@type\":\"ImageObject\",\"inLanguage\":\"en-US\",\"@id\":\"https:\/\/designdiffusion.com\/en\/2019\/08\/04\/temporary-architecture-casa-conteiner-casacor-sao-paulo\/#primaryimage\",\"url\":\"https:\/\/designdiffusion.com\/wp-content\/uploads\/2023\/07\/cosentino_container_soggiorno_letto-1.jpg\",\"contentUrl\":\"https:\/\/designdiffusion.com\/wp-content\/uploads\/2023\/07\/cosentino_container_soggiorno_letto-1.jpg\",\"width\":787,\"height\":525},{\"@type\":\"BreadcrumbList\",\"@id\":\"https:\/\/designdiffusion.com\/en\/2019\/08\/04\/temporary-architecture-casa-conteiner-casacor-sao-paulo\/#breadcrumb\",\"itemListElement\":[{\"@type\":\"ListItem\",\"position\":1,\"name\":\"Home\",\"item\":\"https:\/\/designdiffusion.com\/en\/\"},{\"@type\":\"ListItem\",\"position\":2,\"name\":\"Architecture\",\"item\":\"https:\/\/designdiffusion.com\/en\/architecture\/\"},{\"@type\":\"ListItem\",\"position\":3,\"name\":\"Temporary architecture: Casa Cont\u00eainer, from Casacor S\u00e3o Paulo\"}]},{\"@type\":\"WebSite\",\"@id\":\"https:\/\/designdiffusion.com\/en\/#website\",\"url\":\"https:\/\/designdiffusion.com\/en\/\",\"name\":\"Design Diffusion\",\"description\":\"\",\"publisher\":{\"@id\":\"https:\/\/designdiffusion.com\/en\/#organization\"},\"potentialAction\":[{\"@type\":\"SearchAction\",\"target\":{\"@type\":\"EntryPoint\",\"urlTemplate\":\"https:\/\/designdiffusion.com\/en\/?s={search_term_string}\"},\"query-input\":{\"@type\":\"PropertyValueSpecification\",\"valueRequired\":true,\"valueName\":\"search_term_string\"}}],\"inLanguage\":\"en-US\"},{\"@type\":\"Organization\",\"@id\":\"https:\/\/designdiffusion.com\/en\/#organization\",\"name\":\"Design Diffusion\",\"url\":\"https:\/\/designdiffusion.com\/en\/\",\"logo\":{\"@type\":\"ImageObject\",\"inLanguage\":\"en-US\",\"@id\":\"https:\/\/designdiffusion.com\/en\/#\/schema\/logo\/image\/\",\"url\":\"https:\/\/designdiffusion.com\/wp-content\/uploads\/2023\/07\/cropped-LOGO.webp\",\"contentUrl\":\"https:\/\/designdiffusion.com\/wp-content\/uploads\/2023\/07\/cropped-LOGO.webp\",\"width\":254,\"height\":94,\"caption\":\"Design Diffusion\"},\"image\":{\"@id\":\"https:\/\/designdiffusion.com\/en\/#\/schema\/logo\/image\/\"}},{\"@type\":\"Person\",\"@id\":\"https:\/\/designdiffusion.com\/en\/#\/schema\/person\/41f3fa9c7c411c44c1e9697df9f68e4b\",\"name\":\"mirko\",\"image\":{\"@type\":\"ImageObject\",\"inLanguage\":\"en-US\",\"@id\":\"https:\/\/designdiffusion.com\/en\/#\/schema\/person\/image\/\",\"url\":\"https:\/\/secure.gravatar.com\/avatar\/7dc38906a32ce00cd7da363c19f6b98a7ba984188153279f5a54a40eaa06a061?s=96&d=mm&r=g\",\"contentUrl\":\"https:\/\/secure.gravatar.com\/avatar\/7dc38906a32ce00cd7da363c19f6b98a7ba984188153279f5a54a40eaa06a061?s=96&d=mm&r=g\",\"caption\":\"mirko\"},\"sameAs\":[\"https:\/\/www.designdiffusion.com\"],\"url\":\"https:\/\/designdiffusion.com\/en\/author\/mirko\/\"}]}<\/script>\n<!-- \/ Yoast SEO plugin. -->","yoast_head_json":{"title":"Temporary architecture: Casa Cont\u00eainer, from Casacor S\u00e3o Paulo","description":"From Casacor S\u00e3o Paulo 2019, the Casa Cont\u00eainer Cosentino, a house created with two 40 foot containers, covered with Dekton","robots":{"index":"index","follow":"follow","max-snippet":"max-snippet:-1","max-image-preview":"max-image-preview:large","max-video-preview":"max-video-preview:-1"},"canonical":"https:\/\/designdiffusion.com\/en\/2019\/08\/04\/temporary-architecture-casa-conteiner-casacor-sao-paulo\/","og_locale":"en_US","og_type":"article","og_title":"Temporary architecture: Casa Cont\u00eainer, from Casacor S\u00e3o Paulo","og_description":"From Casacor S\u00e3o Paulo 2019, the Casa Cont\u00eainer Cosentino, a house created with two 40 foot containers, covered with Dekton","og_url":"https:\/\/designdiffusion.com\/en\/2019\/08\/04\/temporary-architecture-casa-conteiner-casacor-sao-paulo\/","og_site_name":"Design Diffusion","article_published_time":"2019-08-03T22:00:00+00:00","article_modified_time":"2023-07-24T13:18:24+00:00","og_image":[{"width":787,"height":525,"url":"https:\/\/designdiffusion.com\/wp-content\/uploads\/2023\/07\/cosentino_container_soggiorno_letto-1.jpg","type":"image\/jpeg"}],"author":"mirko","twitter_card":"summary_large_image","twitter_misc":{"Written by":"mirko","Est. reading time":"3 minutes"},"schema":{"@context":"https:\/\/schema.org","@graph":[{"@type":"Article","@id":"https:\/\/designdiffusion.com\/en\/2019\/08\/04\/temporary-architecture-casa-conteiner-casacor-sao-paulo\/#article","isPartOf":{"@id":"https:\/\/designdiffusion.com\/en\/2019\/08\/04\/temporary-architecture-casa-conteiner-casacor-sao-paulo\/"},"author":{"name":"mirko","@id":"https:\/\/designdiffusion.com\/en\/#\/schema\/person\/41f3fa9c7c411c44c1e9697df9f68e4b"},"headline":"Temporary architecture: Casa Cont\u00eainer, from Casacor S\u00e3o Paulo","datePublished":"2019-08-03T22:00:00+00:00","dateModified":"2023-07-24T13:18:24+00:00","mainEntityOfPage":{"@id":"https:\/\/designdiffusion.com\/en\/2019\/08\/04\/temporary-architecture-casa-conteiner-casacor-sao-paulo\/"},"wordCount":541,"publisher":{"@id":"https:\/\/designdiffusion.com\/en\/#organization"},"image":{"@id":"https:\/\/designdiffusion.com\/en\/2019\/08\/04\/temporary-architecture-casa-conteiner-casacor-sao-paulo\/#primaryimage"},"thumbnailUrl":"https:\/\/designdiffusion.com\/wp-content\/uploads\/2023\/07\/cosentino_container_soggiorno_letto-1.jpg","keywords":["furniture"],"articleSection":["Architecture"],"inLanguage":"en-US"},{"@type":"WebPage","@id":"https:\/\/designdiffusion.com\/en\/2019\/08\/04\/temporary-architecture-casa-conteiner-casacor-sao-paulo\/","url":"https:\/\/designdiffusion.com\/en\/2019\/08\/04\/temporary-architecture-casa-conteiner-casacor-sao-paulo\/","name":"Temporary architecture: Casa Cont\u00eainer, from Casacor S\u00e3o Paulo","isPartOf":{"@id":"https:\/\/designdiffusion.com\/en\/#website"},"primaryImageOfPage":{"@id":"https:\/\/designdiffusion.com\/en\/2019\/08\/04\/temporary-architecture-casa-conteiner-casacor-sao-paulo\/#primaryimage"},"image":{"@id":"https:\/\/designdiffusion.com\/en\/2019\/08\/04\/temporary-architecture-casa-conteiner-casacor-sao-paulo\/#primaryimage"},"thumbnailUrl":"https:\/\/designdiffusion.com\/wp-content\/uploads\/2023\/07\/cosentino_container_soggiorno_letto-1.jpg","datePublished":"2019-08-03T22:00:00+00:00","dateModified":"2023-07-24T13:18:24+00:00","description":"From Casacor S\u00e3o Paulo 2019, the Casa Cont\u00eainer Cosentino, a house created with two 40 foot containers, covered with Dekton","breadcrumb":{"@id":"https:\/\/designdiffusion.com\/en\/2019\/08\/04\/temporary-architecture-casa-conteiner-casacor-sao-paulo\/#breadcrumb"},"inLanguage":"en-US","potentialAction":[{"@type":"ReadAction","target":["https:\/\/designdiffusion.com\/en\/2019\/08\/04\/temporary-architecture-casa-conteiner-casacor-sao-paulo\/"]}]},{"@type":"ImageObject","inLanguage":"en-US","@id":"https:\/\/designdiffusion.com\/en\/2019\/08\/04\/temporary-architecture-casa-conteiner-casacor-sao-paulo\/#primaryimage","url":"https:\/\/designdiffusion.com\/wp-content\/uploads\/2023\/07\/cosentino_container_soggiorno_letto-1.jpg","contentUrl":"https:\/\/designdiffusion.com\/wp-content\/uploads\/2023\/07\/cosentino_container_soggiorno_letto-1.jpg","width":787,"height":525},{"@type":"BreadcrumbList","@id":"https:\/\/designdiffusion.com\/en\/2019\/08\/04\/temporary-architecture-casa-conteiner-casacor-sao-paulo\/#breadcrumb","itemListElement":[{"@type":"ListItem","position":1,"name":"Home","item":"https:\/\/designdiffusion.com\/en\/"},{"@type":"ListItem","position":2,"name":"Architecture","item":"https:\/\/designdiffusion.com\/en\/architecture\/"},{"@type":"ListItem","position":3,"name":"Temporary architecture: Casa Cont\u00eainer, from Casacor S\u00e3o Paulo"}]},{"@type":"WebSite","@id":"https:\/\/designdiffusion.com\/en\/#website","url":"https:\/\/designdiffusion.com\/en\/","name":"Design Diffusion","description":"","publisher":{"@id":"https:\/\/designdiffusion.com\/en\/#organization"},"potentialAction":[{"@type":"SearchAction","target":{"@type":"EntryPoint","urlTemplate":"https:\/\/designdiffusion.com\/en\/?s={search_term_string}"},"query-input":{"@type":"PropertyValueSpecification","valueRequired":true,"valueName":"search_term_string"}}],"inLanguage":"en-US"},{"@type":"Organization","@id":"https:\/\/designdiffusion.com\/en\/#organization","name":"Design Diffusion","url":"https:\/\/designdiffusion.com\/en\/","logo":{"@type":"ImageObject","inLanguage":"en-US","@id":"https:\/\/designdiffusion.com\/en\/#\/schema\/logo\/image\/","url":"https:\/\/designdiffusion.com\/wp-content\/uploads\/2023\/07\/cropped-LOGO.webp","contentUrl":"https:\/\/designdiffusion.com\/wp-content\/uploads\/2023\/07\/cropped-LOGO.webp","width":254,"height":94,"caption":"Design Diffusion"},"image":{"@id":"https:\/\/designdiffusion.com\/en\/#\/schema\/logo\/image\/"}},{"@type":"Person","@id":"https:\/\/designdiffusion.com\/en\/#\/schema\/person\/41f3fa9c7c411c44c1e9697df9f68e4b","name":"mirko","image":{"@type":"ImageObject","inLanguage":"en-US","@id":"https:\/\/designdiffusion.com\/en\/#\/schema\/person\/image\/","url":"https:\/\/secure.gravatar.com\/avatar\/7dc38906a32ce00cd7da363c19f6b98a7ba984188153279f5a54a40eaa06a061?s=96&d=mm&r=g","contentUrl":"https:\/\/secure.gravatar.com\/avatar\/7dc38906a32ce00cd7da363c19f6b98a7ba984188153279f5a54a40eaa06a061?s=96&d=mm&r=g","caption":"mirko"},"sameAs":["https:\/\/www.designdiffusion.com"],"url":"https:\/\/designdiffusion.com\/en\/author\/mirko\/"}]}},"_links":{"self":[{"href":"https:\/\/designdiffusion.com\/en\/wp-json\/wp\/v2\/posts\/19284","targetHints":{"allow":["GET"]}}],"collection":[{"href":"https:\/\/designdiffusion.com\/en\/wp-json\/wp\/v2\/posts"}],"about":[{"href":"https:\/\/designdiffusion.com\/en\/wp-json\/wp\/v2\/types\/post"}],"author":[{"embeddable":true,"href":"https:\/\/designdiffusion.com\/en\/wp-json\/wp\/v2\/users\/1"}],"replies":[{"embeddable":true,"href":"https:\/\/designdiffusion.com\/en\/wp-json\/wp\/v2\/comments?post=19284"}],"version-history":[{"count":0,"href":"https:\/\/designdiffusion.com\/en\/wp-json\/wp\/v2\/posts\/19284\/revisions"}],"wp:featuredmedia":[{"embeddable":true,"href":"https:\/\/designdiffusion.com\/en\/wp-json\/wp\/v2\/media\/14745"}],"wp:attachment":[{"href":"https:\/\/designdiffusion.com\/en\/wp-json\/wp\/v2\/media?parent=19284"}],"wp:term":[{"taxonomy":"category","embeddable":true,"href":"https:\/\/designdiffusion.com\/en\/wp-json\/wp\/v2\/categories?post=19284"},{"taxonomy":"post_tag","embeddable":true,"href":"https:\/\/designdiffusion.com\/en\/wp-json\/wp\/v2\/tags?post=19284"}],"curies":[{"name":"wp","href":"https:\/\/api.w.org\/{rel}","templated":true}]}}