{"id":19300,"date":"2019-08-07T00:00:00","date_gmt":"2019-08-06T22:00:00","guid":{"rendered":"https:\/\/www.designdiffusion.com\/2019\/08\/08\/temporary-architecture-casa-dende-duratex-from-casacor-sao-paulo-2019\/"},"modified":"2023-07-24T15:18:52","modified_gmt":"2023-07-24T13:18:52","slug":"temporary-architecture-casa-dende-duratex-from-casacor-sao-paulo-2019","status":"publish","type":"post","link":"https:\/\/designdiffusion.com\/en\/2019\/08\/07\/temporary-architecture-casa-dende-duratex-from-casacor-sao-paulo-2019\/","title":{"rendered":"Temporary architecture: Casa Dend\u00ea Duratex, from Casacor Sao Paulo 2019"},"content":{"rendered":"<p class=\"p1\">Architect <strong>Nildo Jos\u00e9<\/strong> completed his first full house project in <a href=\"https:\/\/designdiffusion.com\/2019\/08\/06\/casacor-san-paolo-2019-pianeta-casa\/\">Casacor Sao Paulo 2019<\/a>. A <strong>residence of 155 square meters<\/strong>, consisting of a large living room facing the garden, a dining area, a bedroom, a bathroom and a kitchen. The project <strong>combines many original solutions<\/strong>, mixing essential and very sophisticated elegance with authentically Brazilian elements, taken from the architecture of Bahia, the author&#8217;s birthplace.<\/p>\n<figure id=\"attachment_11715\" aria-describedby=\"caption-attachment-11715\" style=\"width: 787px\" class=\"wp-caption aligncenter\"><img fetchpriority=\"high\" decoding=\"async\" class=\"wp-image-11714 size-full\" src=\"http:\/\/www.designdiffusion.com\/wp-content\/uploads\/2023\/07\/dende-duratex-5-1.jpg\" alt=\"\" width=\"787\" height=\"517\" \/><figcaption id=\"caption-attachment-11715\" class=\"wp-caption-text\">A view to the &#8220;Gourmet Island&#8221;, with two easy chairs by Jorge Zalszupin<\/figcaption><\/figure>\n<p class=\"p1\">Casa Dend\u00ea Duratex (<strong>House\u00a0Dend\u00ea Duratex<\/strong>) &#8211; that&#8217; s the name of the project &#8211; <strong>is a variation of different white<\/strong>, a color that visually amplifies the space, and allows you to interact with the sunlight, so strong in the tropical latitude, to become a founding element of every architectural project.<\/p>\n<p>Read also\u00a0<a href=\"\/?p=140481\">Casa Cont\u00eainer Cosentino, Casacor San Paolo 2019<\/a><\/p>\n<figure id=\"attachment_11720\" aria-describedby=\"caption-attachment-11720\" style=\"width: 458px\" class=\"wp-caption alignnone\"><img decoding=\"async\" class=\"size-full wp-image-11719\" src=\"http:\/\/www.designdiffusion.com\/wp-content\/uploads\/2023\/07\/dende-duratex-dettaglio-arredo.jpg\" alt=\"bedroom-dende-duratex-casacor-san-paolo-2019.jpg\" width=\"458\" height=\"689\" \/><figcaption id=\"caption-attachment-11720\" class=\"wp-caption-text\">House Dend\u00ea Duratex, design Nildo Jos\u00e9, Casacor Sao Paulo 2019<\/figcaption><\/figure>\n<p class=\"p1\"><strong>Duratex<\/strong>, a Brazilian company specialising in melamine, laminate and MDF panels, <strong>supplied many of the covering materials<\/strong>, including movable lattice walls containing the bathroom and kitchen.<\/p>\n<figure id=\"attachment_11710\" aria-describedby=\"caption-attachment-11710\" style=\"width: 886px\" class=\"wp-caption alignnone\"><img decoding=\"async\" class=\"size-full wp-image-11709\" src=\"http:\/\/www.designdiffusion.com\/wp-content\/uploads\/2023\/07\/dende-duratex_kitche-1.gif\" alt=\"kitchen-casacor-sao-paulo-2019-dende-duratex.jpg\" width=\"886\" height=\"591\" \/><figcaption id=\"caption-attachment-11710\" class=\"wp-caption-text\">The kitchen, inside a &#8216;box&#8217; with folding doors, which contains the bathroom, on the opposite side.<\/figcaption><\/figure>\n<h3>Bathroom and kitchen appear and disappear<\/h3>\n<p class=\"p1\"><strong>Bathroom and kitchen<\/strong> are some of the most interesting features of the project, <strong>being both located in a sort of &#8216;box&#8217;<\/strong>, with movable walls that can be folded up like a book.<\/p>\n<p>Read also\u00a0<a href=\"\/?p=140424\">Deca Lab by Ricardo Bello Dias at Casacor Sao Paulo 2019<\/a><\/p>\n<figure id=\"attachment_11698\" aria-describedby=\"caption-attachment-11698\" style=\"width: 460px\" class=\"wp-caption alignnone\"><img loading=\"lazy\" decoding=\"async\" class=\"size-full wp-image-11697\" src=\"http:\/\/www.designdiffusion.com\/wp-content\/uploads\/2023\/07\/dende-duratex_bathroom_1-1.gif\" alt=\"bathroom-dende-duratex-casacor-san-paolo-2019.jpg\" width=\"460\" height=\"689\" \/><figcaption id=\"caption-attachment-11698\" class=\"wp-caption-text\">The bathroom, inside a &#8216;box&#8217; with folding doors, which contains the kitchen, on the opposite side.<\/figcaption><\/figure>\n<p class=\"p1\"><strong>The walls consist of melamine panels composing a large white lattice<\/strong>, allowing light and air to pass through even when closed, to hide the technical areas of the bathroom and kitchen.<\/p>\n<figure id=\"attachment_11700\" aria-describedby=\"caption-attachment-11700\" style=\"width: 1072px\" class=\"wp-caption alignnone\"><img loading=\"lazy\" decoding=\"async\" class=\"size-full wp-image-11699\" src=\"http:\/\/www.designdiffusion.com\/wp-content\/uploads\/2023\/07\/dende-duratex_dettaglio-parete-bagno-1.jpg\" alt=\"bathroom-detail-dende-duratex-casacor-san-paolo-2019.jpg\" width=\"1072\" height=\"689\" \/><figcaption id=\"caption-attachment-11700\" class=\"wp-caption-text\">Detail of the bathroom, with faucet by Deca<\/figcaption><\/figure>\n<p class=\"p1\"><strong>The same latticework cuts out a large rectangle in the ceiling<\/strong>, above a skylight, to get air and natural light, precious elements for the microclimate at the latitude of the Tropics.<\/p>\n<figure id=\"attachment_11704\" aria-describedby=\"caption-attachment-11704\" style=\"width: 512px\" class=\"wp-caption alignnone\"><img loading=\"lazy\" decoding=\"async\" class=\"size-full wp-image-11703\" src=\"http:\/\/www.designdiffusion.com\/wp-content\/uploads\/2023\/07\/dende-duratex-2-1.jpg\" alt=\"living-room-dende-duratex-casacor-san-paolo-2019.jpg\" width=\"512\" height=\"738\" \/><figcaption id=\"caption-attachment-11704\" class=\"wp-caption-text\">Opposite view of the living room; wall lamps designed by Bernard Schottlander in the 1950s<\/figcaption><\/figure>\n<p class=\"p1\">The natural stone flooring is the ideal complement to the large windows facing the <strong>garden of the &#8220;Espadas de S\u00e3o Jorge&#8221; &#8211; designed by Bia Abreu<\/strong>, and fill the living room with light, leading to a <strong>dining area, or Gourmet Island<\/strong>, inspired by the interiors of French architect Joseph Dirand.<\/p>\n<p>Read also\u00a0<a href=\"\/?p=140481\">Casa Cont\u00eainer Cosentino, Casacor San Paolo 2019<\/a><\/p>\n<figure id=\"attachment_11706\" aria-describedby=\"caption-attachment-11706\" style=\"width: 787px\" class=\"wp-caption alignnone\"><img loading=\"lazy\" decoding=\"async\" class=\"size-full wp-image-11705\" src=\"http:\/\/www.designdiffusion.com\/wp-content\/uploads\/2023\/07\/dende-duratex-3-1.jpg\" alt=\"dining-area-dende-duratex-casacor-san-paolo-2019.jpg\" width=\"787\" height=\"510\" \/><figcaption id=\"caption-attachment-11706\" class=\"wp-caption-text\">A different view to the &#8220;Gourmet Island&#8221;, with the box of the kitchen totally closed, and an easy chair by Jorge Zalszupin<\/figcaption><\/figure>\n<p class=\"p1\">The dark wood wall and ceiling cladding are inspired by the Jacaranda wood, a typical Bahia tree; the other contrasting light-colored coverings are also inspired by the beach huts.<\/p>\n<p>Read also\u00a0<a href=\"\/?p=140424\">Deca Lab by Ricardo Bello Dias at Casacor Sao Paulo 2019<\/a><\/p>\n<figure id=\"attachment_11702\" aria-describedby=\"caption-attachment-11702\" style=\"width: 459px\" class=\"wp-caption alignnone\"><img loading=\"lazy\" decoding=\"async\" class=\"size-full wp-image-11701\" src=\"http:\/\/www.designdiffusion.com\/wp-content\/uploads\/2023\/07\/dende-duratex_letto-1.jpg\" alt=\"bedroom-dende-duratex-casacor-san-paolo-2019.jpg\" width=\"459\" height=\"689\" \/><figcaption id=\"caption-attachment-11702\" class=\"wp-caption-text\">Bedroom, with large partition-headboard<\/figcaption><\/figure>\n<h3 class=\"p1\">Vintage and contemporary furnishings<\/h3>\n<p class=\"p1\">The <a href=\"https:\/\/designdiffusion.com\/en\/tag\/furniture-en\/\">furniture<\/a> is made up of design classics and contemporary products. The living room houses a <strong>Bowl<\/strong> armchair, designed by <strong>Lina Bo Bardi in a single prototype in the fifties, and produced for the first time by Arper in 2012.<\/strong><\/p>\n<figure id=\"attachment_11712\" aria-describedby=\"caption-attachment-11712\" style=\"width: 787px\" class=\"wp-caption alignnone\"><img loading=\"lazy\" decoding=\"async\" class=\"size-full wp-image-11711\" src=\"http:\/\/www.designdiffusion.com\/wp-content\/uploads\/2023\/07\/dende-duratex-soggiorno.jpg\" alt=\"casa-dende-duratex-living-room.jpg\" width=\"787\" height=\"519\" \/><figcaption id=\"caption-attachment-11712\" class=\"wp-caption-text\">Casa (House) Dend\u00ea Duratex, design Nildo Jos\u00e9, Casacor Sao Paulo 2019<\/figcaption><\/figure>\n<p class=\"p1\">Next to it, again in the living room, <strong>two Zanine Caldas armchairs and white wall lamps by Bernard Schottlander<\/strong>, also from the 1950s. In the dining area, <strong>easy chair Dinamarquesa by Jorge Zalszupin<\/strong>; in the bathroom and the kitchen, white taps by Deca complete the elegant and essential atmosphere.<\/p>\n<p>Foto:\u00a0Denilson Machado \u2013 MCA Est\u00fadio<\/p>\n<figure id=\"attachment_11708\" aria-describedby=\"caption-attachment-11708\" style=\"width: 551px\" class=\"wp-caption alignnone\"><img loading=\"lazy\" decoding=\"async\" class=\"size-full wp-image-11707\" src=\"http:\/\/www.designdiffusion.com\/wp-content\/uploads\/2023\/07\/dende-duratex-4-1.jpg\" alt=\"soggiorno-dende-duratex-casacor-san-paolo-2019.jpg\" width=\"551\" height=\"834\" \/><figcaption id=\"caption-attachment-11708\" class=\"wp-caption-text\">Vista sul giardino di<\/figcaption><\/figure>\n<p>Read also\u00a0<a href=\"\/?p=140481\">Casa Cont\u00eainer Cosentino, Casacor San Paolo 2019<\/a><\/p>\n<p>Read also\u00a0<a href=\"\/?p=140424\">Deca Lab by Ricardo Bello Dias at Casacor Sao Paulo 2019<\/a><\/p>\n","protected":false},"excerpt":{"rendered":"<p>Architect Nildo Jos\u00e9 completed his first full house project in Casacor Sao Paulo 2019. A residence of 155 square meters, consisting of a large living room facing the garden, a dining area, a bedroom, a bathroom and a kitchen. The project combines many original solutions, mixing essential and very sophisticated elegance with authentically Brazilian elements, [&hellip;]<\/p>\n","protected":false},"author":1,"featured_media":14833,"comment_status":"closed","ping_status":"closed","sticky":false,"template":"","format":"standard","meta":{"footnotes":""},"categories":[325],"tags":[299],"class_list":["post-19300","post","type-post","status-publish","format-standard","has-post-thumbnail","hentry","category-architecture","tag-furniture"],"yoast_head":"<!-- This site is optimized with the Yoast SEO plugin v27.0 - https:\/\/yoast.com\/product\/yoast-seo-wordpress\/ -->\n<title>Temporary architecture: Casa Dend\u00ea Duratex, Casacor Sao Paulo 2019<\/title>\n<meta name=\"description\" content=\"House Dend\u00ea Duratex is the first complete house designed by Nildo Jos\u00e9, in Casacor Sao Paulo 2019 - Design Diffusion\" \/>\n<meta name=\"robots\" content=\"index, follow, max-snippet:-1, max-image-preview:large, max-video-preview:-1\" \/>\n<link rel=\"canonical\" href=\"https:\/\/designdiffusion.com\/en\/2019\/08\/07\/temporary-architecture-casa-dende-duratex-from-casacor-sao-paulo-2019\/\" \/>\n<meta property=\"og:locale\" content=\"en_US\" \/>\n<meta property=\"og:type\" content=\"article\" \/>\n<meta property=\"og:title\" content=\"Temporary architecture: Casa Dend\u00ea Duratex, Casacor Sao Paulo 2019\" \/>\n<meta property=\"og:description\" content=\"House Dend\u00ea Duratex is the first complete house designed by Nildo Jos\u00e9, in Casacor Sao Paulo 2019 - Design Diffusion\" \/>\n<meta property=\"og:url\" content=\"https:\/\/designdiffusion.com\/en\/2019\/08\/07\/temporary-architecture-casa-dende-duratex-from-casacor-sao-paulo-2019\/\" \/>\n<meta property=\"og:site_name\" content=\"Design Diffusion\" \/>\n<meta property=\"article:published_time\" content=\"2019-08-06T22:00:00+00:00\" \/>\n<meta property=\"article:modified_time\" content=\"2023-07-24T13:18:52+00:00\" \/>\n<meta property=\"og:image\" content=\"https:\/\/designdiffusion.com\/wp-content\/uploads\/2023\/07\/dende-duratex-soggiorno.jpg\" \/>\n\t<meta property=\"og:image:width\" content=\"787\" \/>\n\t<meta property=\"og:image:height\" content=\"519\" \/>\n\t<meta property=\"og:image:type\" content=\"image\/jpeg\" \/>\n<meta name=\"author\" content=\"mirko\" \/>\n<meta name=\"twitter:card\" content=\"summary_large_image\" \/>\n<meta name=\"twitter:label1\" content=\"Written by\" \/>\n\t<meta name=\"twitter:data1\" content=\"mirko\" \/>\n\t<meta name=\"twitter:label2\" content=\"Est. reading time\" \/>\n\t<meta name=\"twitter:data2\" content=\"3 minutes\" \/>\n<script type=\"application\/ld+json\" class=\"yoast-schema-graph\">{\"@context\":\"https:\/\/schema.org\",\"@graph\":[{\"@type\":\"Article\",\"@id\":\"https:\/\/designdiffusion.com\/en\/2019\/08\/07\/temporary-architecture-casa-dende-duratex-from-casacor-sao-paulo-2019\/#article\",\"isPartOf\":{\"@id\":\"https:\/\/designdiffusion.com\/en\/2019\/08\/07\/temporary-architecture-casa-dende-duratex-from-casacor-sao-paulo-2019\/\"},\"author\":{\"name\":\"mirko\",\"@id\":\"https:\/\/designdiffusion.com\/en\/#\/schema\/person\/41f3fa9c7c411c44c1e9697df9f68e4b\"},\"headline\":\"Temporary architecture: Casa Dend\u00ea Duratex, from Casacor Sao Paulo 2019\",\"datePublished\":\"2019-08-06T22:00:00+00:00\",\"dateModified\":\"2023-07-24T13:18:52+00:00\",\"mainEntityOfPage\":{\"@id\":\"https:\/\/designdiffusion.com\/en\/2019\/08\/07\/temporary-architecture-casa-dende-duratex-from-casacor-sao-paulo-2019\/\"},\"wordCount\":677,\"publisher\":{\"@id\":\"https:\/\/designdiffusion.com\/en\/#organization\"},\"image\":{\"@id\":\"https:\/\/designdiffusion.com\/en\/2019\/08\/07\/temporary-architecture-casa-dende-duratex-from-casacor-sao-paulo-2019\/#primaryimage\"},\"thumbnailUrl\":\"https:\/\/designdiffusion.com\/wp-content\/uploads\/2023\/07\/dende-duratex-soggiorno.jpg\",\"keywords\":[\"furniture\"],\"articleSection\":[\"Architecture\"],\"inLanguage\":\"en-US\"},{\"@type\":\"WebPage\",\"@id\":\"https:\/\/designdiffusion.com\/en\/2019\/08\/07\/temporary-architecture-casa-dende-duratex-from-casacor-sao-paulo-2019\/\",\"url\":\"https:\/\/designdiffusion.com\/en\/2019\/08\/07\/temporary-architecture-casa-dende-duratex-from-casacor-sao-paulo-2019\/\",\"name\":\"Temporary architecture: Casa Dend\u00ea Duratex, Casacor Sao Paulo 2019\",\"isPartOf\":{\"@id\":\"https:\/\/designdiffusion.com\/en\/#website\"},\"primaryImageOfPage\":{\"@id\":\"https:\/\/designdiffusion.com\/en\/2019\/08\/07\/temporary-architecture-casa-dende-duratex-from-casacor-sao-paulo-2019\/#primaryimage\"},\"image\":{\"@id\":\"https:\/\/designdiffusion.com\/en\/2019\/08\/07\/temporary-architecture-casa-dende-duratex-from-casacor-sao-paulo-2019\/#primaryimage\"},\"thumbnailUrl\":\"https:\/\/designdiffusion.com\/wp-content\/uploads\/2023\/07\/dende-duratex-soggiorno.jpg\",\"datePublished\":\"2019-08-06T22:00:00+00:00\",\"dateModified\":\"2023-07-24T13:18:52+00:00\",\"description\":\"House Dend\u00ea Duratex is the first complete house designed by Nildo Jos\u00e9, in Casacor Sao Paulo 2019 - Design Diffusion\",\"breadcrumb\":{\"@id\":\"https:\/\/designdiffusion.com\/en\/2019\/08\/07\/temporary-architecture-casa-dende-duratex-from-casacor-sao-paulo-2019\/#breadcrumb\"},\"inLanguage\":\"en-US\",\"potentialAction\":[{\"@type\":\"ReadAction\",\"target\":[\"https:\/\/designdiffusion.com\/en\/2019\/08\/07\/temporary-architecture-casa-dende-duratex-from-casacor-sao-paulo-2019\/\"]}]},{\"@type\":\"ImageObject\",\"inLanguage\":\"en-US\",\"@id\":\"https:\/\/designdiffusion.com\/en\/2019\/08\/07\/temporary-architecture-casa-dende-duratex-from-casacor-sao-paulo-2019\/#primaryimage\",\"url\":\"https:\/\/designdiffusion.com\/wp-content\/uploads\/2023\/07\/dende-duratex-soggiorno.jpg\",\"contentUrl\":\"https:\/\/designdiffusion.com\/wp-content\/uploads\/2023\/07\/dende-duratex-soggiorno.jpg\",\"width\":787,\"height\":519,\"caption\":\"Casa Dend\u00ea Duratex, by Nildo Jos\u00e9, Casacor S\u00e3o Paulo 2019. Ph Denilson Machado-MCA Est\u00fadio\"},{\"@type\":\"BreadcrumbList\",\"@id\":\"https:\/\/designdiffusion.com\/en\/2019\/08\/07\/temporary-architecture-casa-dende-duratex-from-casacor-sao-paulo-2019\/#breadcrumb\",\"itemListElement\":[{\"@type\":\"ListItem\",\"position\":1,\"name\":\"Home\",\"item\":\"https:\/\/designdiffusion.com\/en\/\"},{\"@type\":\"ListItem\",\"position\":2,\"name\":\"Architecture\",\"item\":\"https:\/\/designdiffusion.com\/en\/architecture\/\"},{\"@type\":\"ListItem\",\"position\":3,\"name\":\"Temporary architecture: Casa Dend\u00ea Duratex, from Casacor Sao Paulo 2019\"}]},{\"@type\":\"WebSite\",\"@id\":\"https:\/\/designdiffusion.com\/en\/#website\",\"url\":\"https:\/\/designdiffusion.com\/en\/\",\"name\":\"Design Diffusion\",\"description\":\"\",\"publisher\":{\"@id\":\"https:\/\/designdiffusion.com\/en\/#organization\"},\"potentialAction\":[{\"@type\":\"SearchAction\",\"target\":{\"@type\":\"EntryPoint\",\"urlTemplate\":\"https:\/\/designdiffusion.com\/en\/?s={search_term_string}\"},\"query-input\":{\"@type\":\"PropertyValueSpecification\",\"valueRequired\":true,\"valueName\":\"search_term_string\"}}],\"inLanguage\":\"en-US\"},{\"@type\":\"Organization\",\"@id\":\"https:\/\/designdiffusion.com\/en\/#organization\",\"name\":\"Design Diffusion\",\"url\":\"https:\/\/designdiffusion.com\/en\/\",\"logo\":{\"@type\":\"ImageObject\",\"inLanguage\":\"en-US\",\"@id\":\"https:\/\/designdiffusion.com\/en\/#\/schema\/logo\/image\/\",\"url\":\"https:\/\/designdiffusion.com\/wp-content\/uploads\/2023\/07\/cropped-LOGO.webp\",\"contentUrl\":\"https:\/\/designdiffusion.com\/wp-content\/uploads\/2023\/07\/cropped-LOGO.webp\",\"width\":254,\"height\":94,\"caption\":\"Design Diffusion\"},\"image\":{\"@id\":\"https:\/\/designdiffusion.com\/en\/#\/schema\/logo\/image\/\"}},{\"@type\":\"Person\",\"@id\":\"https:\/\/designdiffusion.com\/en\/#\/schema\/person\/41f3fa9c7c411c44c1e9697df9f68e4b\",\"name\":\"mirko\",\"image\":{\"@type\":\"ImageObject\",\"inLanguage\":\"en-US\",\"@id\":\"https:\/\/designdiffusion.com\/en\/#\/schema\/person\/image\/\",\"url\":\"https:\/\/secure.gravatar.com\/avatar\/7dc38906a32ce00cd7da363c19f6b98a7ba984188153279f5a54a40eaa06a061?s=96&d=mm&r=g\",\"contentUrl\":\"https:\/\/secure.gravatar.com\/avatar\/7dc38906a32ce00cd7da363c19f6b98a7ba984188153279f5a54a40eaa06a061?s=96&d=mm&r=g\",\"caption\":\"mirko\"},\"sameAs\":[\"https:\/\/www.designdiffusion.com\"],\"url\":\"https:\/\/designdiffusion.com\/en\/author\/mirko\/\"}]}<\/script>\n<!-- \/ Yoast SEO plugin. -->","yoast_head_json":{"title":"Temporary architecture: Casa Dend\u00ea Duratex, Casacor Sao Paulo 2019","description":"House Dend\u00ea Duratex is the first complete house designed by Nildo Jos\u00e9, in Casacor Sao Paulo 2019 - Design Diffusion","robots":{"index":"index","follow":"follow","max-snippet":"max-snippet:-1","max-image-preview":"max-image-preview:large","max-video-preview":"max-video-preview:-1"},"canonical":"https:\/\/designdiffusion.com\/en\/2019\/08\/07\/temporary-architecture-casa-dende-duratex-from-casacor-sao-paulo-2019\/","og_locale":"en_US","og_type":"article","og_title":"Temporary architecture: Casa Dend\u00ea Duratex, Casacor Sao Paulo 2019","og_description":"House Dend\u00ea Duratex is the first complete house designed by Nildo Jos\u00e9, in Casacor Sao Paulo 2019 - Design Diffusion","og_url":"https:\/\/designdiffusion.com\/en\/2019\/08\/07\/temporary-architecture-casa-dende-duratex-from-casacor-sao-paulo-2019\/","og_site_name":"Design Diffusion","article_published_time":"2019-08-06T22:00:00+00:00","article_modified_time":"2023-07-24T13:18:52+00:00","og_image":[{"width":787,"height":519,"url":"https:\/\/designdiffusion.com\/wp-content\/uploads\/2023\/07\/dende-duratex-soggiorno.jpg","type":"image\/jpeg"}],"author":"mirko","twitter_card":"summary_large_image","twitter_misc":{"Written by":"mirko","Est. reading time":"3 minutes"},"schema":{"@context":"https:\/\/schema.org","@graph":[{"@type":"Article","@id":"https:\/\/designdiffusion.com\/en\/2019\/08\/07\/temporary-architecture-casa-dende-duratex-from-casacor-sao-paulo-2019\/#article","isPartOf":{"@id":"https:\/\/designdiffusion.com\/en\/2019\/08\/07\/temporary-architecture-casa-dende-duratex-from-casacor-sao-paulo-2019\/"},"author":{"name":"mirko","@id":"https:\/\/designdiffusion.com\/en\/#\/schema\/person\/41f3fa9c7c411c44c1e9697df9f68e4b"},"headline":"Temporary architecture: Casa Dend\u00ea Duratex, from Casacor Sao Paulo 2019","datePublished":"2019-08-06T22:00:00+00:00","dateModified":"2023-07-24T13:18:52+00:00","mainEntityOfPage":{"@id":"https:\/\/designdiffusion.com\/en\/2019\/08\/07\/temporary-architecture-casa-dende-duratex-from-casacor-sao-paulo-2019\/"},"wordCount":677,"publisher":{"@id":"https:\/\/designdiffusion.com\/en\/#organization"},"image":{"@id":"https:\/\/designdiffusion.com\/en\/2019\/08\/07\/temporary-architecture-casa-dende-duratex-from-casacor-sao-paulo-2019\/#primaryimage"},"thumbnailUrl":"https:\/\/designdiffusion.com\/wp-content\/uploads\/2023\/07\/dende-duratex-soggiorno.jpg","keywords":["furniture"],"articleSection":["Architecture"],"inLanguage":"en-US"},{"@type":"WebPage","@id":"https:\/\/designdiffusion.com\/en\/2019\/08\/07\/temporary-architecture-casa-dende-duratex-from-casacor-sao-paulo-2019\/","url":"https:\/\/designdiffusion.com\/en\/2019\/08\/07\/temporary-architecture-casa-dende-duratex-from-casacor-sao-paulo-2019\/","name":"Temporary architecture: Casa Dend\u00ea Duratex, Casacor Sao Paulo 2019","isPartOf":{"@id":"https:\/\/designdiffusion.com\/en\/#website"},"primaryImageOfPage":{"@id":"https:\/\/designdiffusion.com\/en\/2019\/08\/07\/temporary-architecture-casa-dende-duratex-from-casacor-sao-paulo-2019\/#primaryimage"},"image":{"@id":"https:\/\/designdiffusion.com\/en\/2019\/08\/07\/temporary-architecture-casa-dende-duratex-from-casacor-sao-paulo-2019\/#primaryimage"},"thumbnailUrl":"https:\/\/designdiffusion.com\/wp-content\/uploads\/2023\/07\/dende-duratex-soggiorno.jpg","datePublished":"2019-08-06T22:00:00+00:00","dateModified":"2023-07-24T13:18:52+00:00","description":"House Dend\u00ea Duratex is the first complete house designed by Nildo Jos\u00e9, in Casacor Sao Paulo 2019 - Design Diffusion","breadcrumb":{"@id":"https:\/\/designdiffusion.com\/en\/2019\/08\/07\/temporary-architecture-casa-dende-duratex-from-casacor-sao-paulo-2019\/#breadcrumb"},"inLanguage":"en-US","potentialAction":[{"@type":"ReadAction","target":["https:\/\/designdiffusion.com\/en\/2019\/08\/07\/temporary-architecture-casa-dende-duratex-from-casacor-sao-paulo-2019\/"]}]},{"@type":"ImageObject","inLanguage":"en-US","@id":"https:\/\/designdiffusion.com\/en\/2019\/08\/07\/temporary-architecture-casa-dende-duratex-from-casacor-sao-paulo-2019\/#primaryimage","url":"https:\/\/designdiffusion.com\/wp-content\/uploads\/2023\/07\/dende-duratex-soggiorno.jpg","contentUrl":"https:\/\/designdiffusion.com\/wp-content\/uploads\/2023\/07\/dende-duratex-soggiorno.jpg","width":787,"height":519,"caption":"Casa Dend\u00ea Duratex, by Nildo Jos\u00e9, Casacor S\u00e3o Paulo 2019. Ph Denilson Machado-MCA Est\u00fadio"},{"@type":"BreadcrumbList","@id":"https:\/\/designdiffusion.com\/en\/2019\/08\/07\/temporary-architecture-casa-dende-duratex-from-casacor-sao-paulo-2019\/#breadcrumb","itemListElement":[{"@type":"ListItem","position":1,"name":"Home","item":"https:\/\/designdiffusion.com\/en\/"},{"@type":"ListItem","position":2,"name":"Architecture","item":"https:\/\/designdiffusion.com\/en\/architecture\/"},{"@type":"ListItem","position":3,"name":"Temporary architecture: Casa Dend\u00ea Duratex, from Casacor Sao Paulo 2019"}]},{"@type":"WebSite","@id":"https:\/\/designdiffusion.com\/en\/#website","url":"https:\/\/designdiffusion.com\/en\/","name":"Design Diffusion","description":"","publisher":{"@id":"https:\/\/designdiffusion.com\/en\/#organization"},"potentialAction":[{"@type":"SearchAction","target":{"@type":"EntryPoint","urlTemplate":"https:\/\/designdiffusion.com\/en\/?s={search_term_string}"},"query-input":{"@type":"PropertyValueSpecification","valueRequired":true,"valueName":"search_term_string"}}],"inLanguage":"en-US"},{"@type":"Organization","@id":"https:\/\/designdiffusion.com\/en\/#organization","name":"Design Diffusion","url":"https:\/\/designdiffusion.com\/en\/","logo":{"@type":"ImageObject","inLanguage":"en-US","@id":"https:\/\/designdiffusion.com\/en\/#\/schema\/logo\/image\/","url":"https:\/\/designdiffusion.com\/wp-content\/uploads\/2023\/07\/cropped-LOGO.webp","contentUrl":"https:\/\/designdiffusion.com\/wp-content\/uploads\/2023\/07\/cropped-LOGO.webp","width":254,"height":94,"caption":"Design Diffusion"},"image":{"@id":"https:\/\/designdiffusion.com\/en\/#\/schema\/logo\/image\/"}},{"@type":"Person","@id":"https:\/\/designdiffusion.com\/en\/#\/schema\/person\/41f3fa9c7c411c44c1e9697df9f68e4b","name":"mirko","image":{"@type":"ImageObject","inLanguage":"en-US","@id":"https:\/\/designdiffusion.com\/en\/#\/schema\/person\/image\/","url":"https:\/\/secure.gravatar.com\/avatar\/7dc38906a32ce00cd7da363c19f6b98a7ba984188153279f5a54a40eaa06a061?s=96&d=mm&r=g","contentUrl":"https:\/\/secure.gravatar.com\/avatar\/7dc38906a32ce00cd7da363c19f6b98a7ba984188153279f5a54a40eaa06a061?s=96&d=mm&r=g","caption":"mirko"},"sameAs":["https:\/\/www.designdiffusion.com"],"url":"https:\/\/designdiffusion.com\/en\/author\/mirko\/"}]}},"_links":{"self":[{"href":"https:\/\/designdiffusion.com\/en\/wp-json\/wp\/v2\/posts\/19300","targetHints":{"allow":["GET"]}}],"collection":[{"href":"https:\/\/designdiffusion.com\/en\/wp-json\/wp\/v2\/posts"}],"about":[{"href":"https:\/\/designdiffusion.com\/en\/wp-json\/wp\/v2\/types\/post"}],"author":[{"embeddable":true,"href":"https:\/\/designdiffusion.com\/en\/wp-json\/wp\/v2\/users\/1"}],"replies":[{"embeddable":true,"href":"https:\/\/designdiffusion.com\/en\/wp-json\/wp\/v2\/comments?post=19300"}],"version-history":[{"count":0,"href":"https:\/\/designdiffusion.com\/en\/wp-json\/wp\/v2\/posts\/19300\/revisions"}],"wp:featuredmedia":[{"embeddable":true,"href":"https:\/\/designdiffusion.com\/en\/wp-json\/wp\/v2\/media\/14833"}],"wp:attachment":[{"href":"https:\/\/designdiffusion.com\/en\/wp-json\/wp\/v2\/media?parent=19300"}],"wp:term":[{"taxonomy":"category","embeddable":true,"href":"https:\/\/designdiffusion.com\/en\/wp-json\/wp\/v2\/categories?post=19300"},{"taxonomy":"post_tag","embeddable":true,"href":"https:\/\/designdiffusion.com\/en\/wp-json\/wp\/v2\/tags?post=19300"}],"curies":[{"name":"wp","href":"https:\/\/api.w.org\/{rel}","templated":true}]}}