{"id":43021,"date":"2025-10-10T06:18:00","date_gmt":"2025-10-10T04:18:00","guid":{"rendered":"https:\/\/designdiffusion.com\/?p=43021"},"modified":"2025-10-10T21:59:20","modified_gmt":"2025-10-10T19:59:20","slug":"edit-napoli-2025-design-in-motion","status":"publish","type":"post","link":"https:\/\/designdiffusion.com\/en\/2025\/10\/10\/edit-napoli-2025-design-in-motion\/","title":{"rendered":"EDIT Napoli 2025: design in motion!"},"content":{"rendered":"\n<h2 class=\"wp-block-heading\">From October 10 to 12, the seventh edition of the collectible and editorial design fair transforms Naples into a vibrant platform of innovation, culture, and experimentation<\/h2>\n\n<p>Design never stands still \u2014 and neither does <em>EDIT Napoli 2025<\/em>.<br\/>From October 10 to 12, the fair returns to transform the city of Naples into a creative epicenter where tradition meets innovation. With a city-wide itinerary that spans iconic locations such as<strong> La Santissima<\/strong> and the <strong>National Museums of Vomero<\/strong>, this seventh edition promises an immersive experience featuring international exhibitors, site-specific installations, emerging design talents, and rich cultural crossovers.  <\/p>\n\n<p>An event that grows year after year, confirming Naples as a strategic hub for collectible and editorial design.<\/p>\n\n<figure class=\"wp-block-gallery has-nested-images columns-default is-cropped wp-block-gallery-1 is-layout-flex wp-block-gallery-is-layout-flex\">\n<figure class=\"wp-block-image size-large\"><img fetchpriority=\"high\" decoding=\"async\" width=\"683\" height=\"1024\" data-id=\"42984\" src=\"https:\/\/designdiffusion.com\/wp-content\/uploads\/2025\/10\/EDIT-Napoli-2025-_Napoli-verticale_campaign-ph.-Alessandra-Mustilli--683x1024.jpg\" alt=\"\" class=\"wp-image-42984\" srcset=\"https:\/\/designdiffusion.com\/wp-content\/uploads\/2025\/10\/EDIT-Napoli-2025-_Napoli-verticale_campaign-ph.-Alessandra-Mustilli--683x1024.jpg 683w, https:\/\/designdiffusion.com\/wp-content\/uploads\/2025\/10\/EDIT-Napoli-2025-_Napoli-verticale_campaign-ph.-Alessandra-Mustilli--200x300.jpg 200w, https:\/\/designdiffusion.com\/wp-content\/uploads\/2025\/10\/EDIT-Napoli-2025-_Napoli-verticale_campaign-ph.-Alessandra-Mustilli--768x1152.jpg 768w, https:\/\/designdiffusion.com\/wp-content\/uploads\/2025\/10\/EDIT-Napoli-2025-_Napoli-verticale_campaign-ph.-Alessandra-Mustilli--1024x1536.jpg 1024w, https:\/\/designdiffusion.com\/wp-content\/uploads\/2025\/10\/EDIT-Napoli-2025-_Napoli-verticale_campaign-ph.-Alessandra-Mustilli--1365x2048.jpg 1365w, https:\/\/designdiffusion.com\/wp-content\/uploads\/2025\/10\/EDIT-Napoli-2025-_Napoli-verticale_campaign-ph.-Alessandra-Mustilli--scaled.jpg 1707w\" sizes=\"(max-width: 683px) 100vw, 683px\" \/><figcaption class=\"wp-element-caption\">Ph Alessandra Mustilli<\/figcaption><\/figure>\n\n\n\n<figure class=\"wp-block-image size-large\"><img decoding=\"async\" width=\"683\" height=\"1024\" data-id=\"42986\" src=\"https:\/\/designdiffusion.com\/wp-content\/uploads\/2025\/10\/EDIT-Napoli-2025-_Napoli-verticale_campaign-ph.-Alessandra-Mustilli-3-1-683x1024.jpg\" alt=\"\" class=\"wp-image-42986\" srcset=\"https:\/\/designdiffusion.com\/wp-content\/uploads\/2025\/10\/EDIT-Napoli-2025-_Napoli-verticale_campaign-ph.-Alessandra-Mustilli-3-1-683x1024.jpg 683w, https:\/\/designdiffusion.com\/wp-content\/uploads\/2025\/10\/EDIT-Napoli-2025-_Napoli-verticale_campaign-ph.-Alessandra-Mustilli-3-1-200x300.jpg 200w, https:\/\/designdiffusion.com\/wp-content\/uploads\/2025\/10\/EDIT-Napoli-2025-_Napoli-verticale_campaign-ph.-Alessandra-Mustilli-3-1-768x1152.jpg 768w, https:\/\/designdiffusion.com\/wp-content\/uploads\/2025\/10\/EDIT-Napoli-2025-_Napoli-verticale_campaign-ph.-Alessandra-Mustilli-3-1-1024x1536.jpg 1024w, https:\/\/designdiffusion.com\/wp-content\/uploads\/2025\/10\/EDIT-Napoli-2025-_Napoli-verticale_campaign-ph.-Alessandra-Mustilli-3-1-1365x2048.jpg 1365w, https:\/\/designdiffusion.com\/wp-content\/uploads\/2025\/10\/EDIT-Napoli-2025-_Napoli-verticale_campaign-ph.-Alessandra-Mustilli-3-1-scaled.jpg 1707w\" sizes=\"(max-width: 683px) 100vw, 683px\" \/><figcaption class=\"wp-element-caption\">Ph Alessandra Mustilli<\/figcaption><\/figure>\n<\/figure>\n\n<h3 class=\"wp-block-heading\">La Santissima: the beating heart of the fair<\/h3>\n\n<p>Located between the Spanish Quarters and Montesanto, <strong>La Santissima<\/strong> once again becomes the headquarters of the event. A former monastery now transformed into a regenerated space, it hosts the exhibitors of the <em>Main section<\/em> and the <em>Seminario<\/em>, dedicated to emerging projects and young designers under 30. <\/p>\n\n<p>The installation, curated by the design duo <strong>Lemonot<\/strong>, transforms the space into a theatrical set made of port materials, evocative textiles, and volcanic stone.<br\/>A visual tribute to Naples\u2019 port identity and multicultural soul, it welcomes visitors on a journey through creativity and materiality. <\/p>\n\n<figure class=\"wp-block-gallery has-nested-images columns-4 is-cropped wp-block-gallery-2 is-layout-flex wp-block-gallery-is-layout-flex\">\n<figure class=\"wp-block-image size-large\"><img decoding=\"async\" width=\"1024\" height=\"683\" data-id=\"42988\" src=\"https:\/\/designdiffusion.com\/wp-content\/uploads\/2025\/10\/editNapoli25_LaSantissima_altares-19_Ph.-Alessandra-Mustilli-1024x683.jpg\" alt=\"\" class=\"wp-image-42988\" srcset=\"https:\/\/designdiffusion.com\/wp-content\/uploads\/2025\/10\/editNapoli25_LaSantissima_altares-19_Ph.-Alessandra-Mustilli-1024x683.jpg 1024w, https:\/\/designdiffusion.com\/wp-content\/uploads\/2025\/10\/editNapoli25_LaSantissima_altares-19_Ph.-Alessandra-Mustilli-300x200.jpg 300w, https:\/\/designdiffusion.com\/wp-content\/uploads\/2025\/10\/editNapoli25_LaSantissima_altares-19_Ph.-Alessandra-Mustilli-768x512.jpg 768w, https:\/\/designdiffusion.com\/wp-content\/uploads\/2025\/10\/editNapoli25_LaSantissima_altares-19_Ph.-Alessandra-Mustilli-1536x1024.jpg 1536w, https:\/\/designdiffusion.com\/wp-content\/uploads\/2025\/10\/editNapoli25_LaSantissima_altares-19_Ph.-Alessandra-Mustilli-2048x1365.jpg 2048w\" sizes=\"(max-width: 1024px) 100vw, 1024px\" \/><\/figure>\n\n\n\n<figure class=\"wp-block-image size-large\"><img loading=\"lazy\" decoding=\"async\" width=\"683\" height=\"1024\" data-id=\"42992\" src=\"https:\/\/designdiffusion.com\/wp-content\/uploads\/2025\/10\/editNapoli25_LaSantissima_altares-10_Ph.-Alessandra-Mustilli-683x1024.jpg\" alt=\"\" class=\"wp-image-42992\" srcset=\"https:\/\/designdiffusion.com\/wp-content\/uploads\/2025\/10\/editNapoli25_LaSantissima_altares-10_Ph.-Alessandra-Mustilli-683x1024.jpg 683w, https:\/\/designdiffusion.com\/wp-content\/uploads\/2025\/10\/editNapoli25_LaSantissima_altares-10_Ph.-Alessandra-Mustilli-200x300.jpg 200w, https:\/\/designdiffusion.com\/wp-content\/uploads\/2025\/10\/editNapoli25_LaSantissima_altares-10_Ph.-Alessandra-Mustilli-768x1152.jpg 768w, https:\/\/designdiffusion.com\/wp-content\/uploads\/2025\/10\/editNapoli25_LaSantissima_altares-10_Ph.-Alessandra-Mustilli-1024x1536.jpg 1024w, https:\/\/designdiffusion.com\/wp-content\/uploads\/2025\/10\/editNapoli25_LaSantissima_altares-10_Ph.-Alessandra-Mustilli-1365x2048.jpg 1365w, https:\/\/designdiffusion.com\/wp-content\/uploads\/2025\/10\/editNapoli25_LaSantissima_altares-10_Ph.-Alessandra-Mustilli-scaled.jpg 1707w\" sizes=\"(max-width: 683px) 100vw, 683px\" \/><\/figure>\n\n\n\n<figure class=\"wp-block-image size-large\"><img loading=\"lazy\" decoding=\"async\" width=\"683\" height=\"1024\" data-id=\"43000\" src=\"https:\/\/designdiffusion.com\/wp-content\/uploads\/2025\/10\/editNapoli25_LaSantissima_altares-3_Ph.-Alessandra-Mustilli-683x1024.jpg\" alt=\"\" class=\"wp-image-43000\" srcset=\"https:\/\/designdiffusion.com\/wp-content\/uploads\/2025\/10\/editNapoli25_LaSantissima_altares-3_Ph.-Alessandra-Mustilli-683x1024.jpg 683w, https:\/\/designdiffusion.com\/wp-content\/uploads\/2025\/10\/editNapoli25_LaSantissima_altares-3_Ph.-Alessandra-Mustilli-200x300.jpg 200w, https:\/\/designdiffusion.com\/wp-content\/uploads\/2025\/10\/editNapoli25_LaSantissima_altares-3_Ph.-Alessandra-Mustilli-768x1152.jpg 768w, https:\/\/designdiffusion.com\/wp-content\/uploads\/2025\/10\/editNapoli25_LaSantissima_altares-3_Ph.-Alessandra-Mustilli-1024x1536.jpg 1024w, https:\/\/designdiffusion.com\/wp-content\/uploads\/2025\/10\/editNapoli25_LaSantissima_altares-3_Ph.-Alessandra-Mustilli-1365x2048.jpg 1365w, https:\/\/designdiffusion.com\/wp-content\/uploads\/2025\/10\/editNapoli25_LaSantissima_altares-3_Ph.-Alessandra-Mustilli-scaled.jpg 1707w\" sizes=\"(max-width: 683px) 100vw, 683px\" \/><\/figure>\n<\/figure>\n\n<h3 class=\"wp-block-heading\">Exhibitors, debuts, and returns: the landscape expands<\/h3>\n\n<p><em>EDIT Napoli 2025<\/em> confirms itself as a privileged platform for emerging designers, international brands, artisanal manufacturers, and editorial projects. Among the most anticipated names are <strong>Atelier Nuanda<\/strong> and <strong>Bianco67<\/strong> with <em>Parasite<\/em>, winners of last year\u2019s edition, along with designers selected through the <em>Espa\u00f1a Dise\u00f1o Mediterr\u00e1neo<\/em> call in collaboration with the<strong> Instituto Cervantes.<\/strong> <\/p>\n\n<p>A unique opportunity to discover contemporary design at its most authentic, sustainable, and intelligent.<\/p>\n\n<figure class=\"wp-block-gallery has-nested-images columns-default is-cropped wp-block-gallery-3 is-layout-flex wp-block-gallery-is-layout-flex\">\n<figure class=\"wp-block-image size-large\"><img loading=\"lazy\" decoding=\"async\" width=\"1024\" height=\"576\" data-id=\"43012\" src=\"https:\/\/designdiffusion.com\/wp-content\/uploads\/2025\/10\/Roee-Ben-Yeuhda_Drawer-Chair-Photo-by-Uri-Bareket-100-1024x576.jpg\" alt=\"EDIT Napoli 2025\" class=\"wp-image-43012\" srcset=\"https:\/\/designdiffusion.com\/wp-content\/uploads\/2025\/10\/Roee-Ben-Yeuhda_Drawer-Chair-Photo-by-Uri-Bareket-100-1024x576.jpg 1024w, https:\/\/designdiffusion.com\/wp-content\/uploads\/2025\/10\/Roee-Ben-Yeuhda_Drawer-Chair-Photo-by-Uri-Bareket-100-300x169.jpg 300w, https:\/\/designdiffusion.com\/wp-content\/uploads\/2025\/10\/Roee-Ben-Yeuhda_Drawer-Chair-Photo-by-Uri-Bareket-100-768x432.jpg 768w, https:\/\/designdiffusion.com\/wp-content\/uploads\/2025\/10\/Roee-Ben-Yeuhda_Drawer-Chair-Photo-by-Uri-Bareket-100-1536x864.jpg 1536w, https:\/\/designdiffusion.com\/wp-content\/uploads\/2025\/10\/Roee-Ben-Yeuhda_Drawer-Chair-Photo-by-Uri-Bareket-100-2048x1152.jpg 2048w\" sizes=\"(max-width: 1024px) 100vw, 1024px\" \/><figcaption class=\"wp-element-caption\">Roee Ben Yeuhda Drawer Chair <br\/>Ph Uri Bareket<\/figcaption><\/figure>\n<\/figure>\n\n<figure class=\"wp-block-gallery has-nested-images columns-default is-cropped wp-block-gallery-4 is-layout-flex wp-block-gallery-is-layout-flex\">\n<figure class=\"wp-block-image size-large\"><img loading=\"lazy\" decoding=\"async\" width=\"683\" height=\"1024\" data-id=\"43002\" src=\"https:\/\/designdiffusion.com\/wp-content\/uploads\/2025\/10\/BLOK-Design-by-Carina-X-Panguaneta_-Ph.-Francesco-Squeglia_Stellina-Sofa-and-Chair-Set_4031-683x1024.jpg\" alt=\"EDIT Napoli 2025\" class=\"wp-image-43002\" srcset=\"https:\/\/designdiffusion.com\/wp-content\/uploads\/2025\/10\/BLOK-Design-by-Carina-X-Panguaneta_-Ph.-Francesco-Squeglia_Stellina-Sofa-and-Chair-Set_4031-683x1024.jpg 683w, https:\/\/designdiffusion.com\/wp-content\/uploads\/2025\/10\/BLOK-Design-by-Carina-X-Panguaneta_-Ph.-Francesco-Squeglia_Stellina-Sofa-and-Chair-Set_4031-200x300.jpg 200w, https:\/\/designdiffusion.com\/wp-content\/uploads\/2025\/10\/BLOK-Design-by-Carina-X-Panguaneta_-Ph.-Francesco-Squeglia_Stellina-Sofa-and-Chair-Set_4031-768x1152.jpg 768w, https:\/\/designdiffusion.com\/wp-content\/uploads\/2025\/10\/BLOK-Design-by-Carina-X-Panguaneta_-Ph.-Francesco-Squeglia_Stellina-Sofa-and-Chair-Set_4031-1024x1536.jpg 1024w, https:\/\/designdiffusion.com\/wp-content\/uploads\/2025\/10\/BLOK-Design-by-Carina-X-Panguaneta_-Ph.-Francesco-Squeglia_Stellina-Sofa-and-Chair-Set_4031-1365x2048.jpg 1365w, https:\/\/designdiffusion.com\/wp-content\/uploads\/2025\/10\/BLOK-Design-by-Carina-X-Panguaneta_-Ph.-Francesco-Squeglia_Stellina-Sofa-and-Chair-Set_4031-scaled.jpg 1707w\" sizes=\"(max-width: 683px) 100vw, 683px\" \/><figcaption class=\"wp-element-caption\">BLOK Design by Carina X Panguaneta<br\/>Ph Francesco Squeglia <br\/>Stellina Sofa and Chair<\/figcaption><\/figure>\n\n\n\n<figure class=\"wp-block-image size-large\"><img loading=\"lazy\" decoding=\"async\" width=\"1024\" height=\"1024\" data-id=\"43004\" src=\"https:\/\/designdiffusion.com\/wp-content\/uploads\/2025\/10\/Henko-Design-Studio-1024x1024.jpeg\" alt=\"\" class=\"wp-image-43004\" srcset=\"https:\/\/designdiffusion.com\/wp-content\/uploads\/2025\/10\/Henko-Design-Studio-1024x1024.jpeg 1024w, https:\/\/designdiffusion.com\/wp-content\/uploads\/2025\/10\/Henko-Design-Studio-300x300.jpeg 300w, https:\/\/designdiffusion.com\/wp-content\/uploads\/2025\/10\/Henko-Design-Studio-150x150.jpeg 150w, https:\/\/designdiffusion.com\/wp-content\/uploads\/2025\/10\/Henko-Design-Studio-768x768.jpeg 768w, https:\/\/designdiffusion.com\/wp-content\/uploads\/2025\/10\/Henko-Design-Studio.jpeg 1512w\" sizes=\"(max-width: 1024px) 100vw, 1024px\" \/><figcaption class=\"wp-element-caption\">Henko Design Studio<\/figcaption><\/figure>\n<\/figure>\n\n<figure class=\"wp-block-gallery has-nested-images columns-default is-cropped wp-block-gallery-5 is-layout-flex wp-block-gallery-is-layout-flex\">\n<figure class=\"wp-block-image size-large\"><img loading=\"lazy\" decoding=\"async\" width=\"768\" height=\"1024\" data-id=\"43006\" src=\"https:\/\/designdiffusion.com\/wp-content\/uploads\/2025\/10\/Ignacio-Merino_Mezza-Chair_credits-Ignacio-Merino-1-768x1024.jpg\" alt=\"EDIT Napoli 2025\" class=\"wp-image-43006\" srcset=\"https:\/\/designdiffusion.com\/wp-content\/uploads\/2025\/10\/Ignacio-Merino_Mezza-Chair_credits-Ignacio-Merino-1-768x1024.jpg 768w, https:\/\/designdiffusion.com\/wp-content\/uploads\/2025\/10\/Ignacio-Merino_Mezza-Chair_credits-Ignacio-Merino-1-225x300.jpg 225w, https:\/\/designdiffusion.com\/wp-content\/uploads\/2025\/10\/Ignacio-Merino_Mezza-Chair_credits-Ignacio-Merino-1-1152x1536.jpg 1152w, https:\/\/designdiffusion.com\/wp-content\/uploads\/2025\/10\/Ignacio-Merino_Mezza-Chair_credits-Ignacio-Merino-1-1536x2048.jpg 1536w, https:\/\/designdiffusion.com\/wp-content\/uploads\/2025\/10\/Ignacio-Merino_Mezza-Chair_credits-Ignacio-Merino-1-scaled.jpg 1920w\" sizes=\"(max-width: 768px) 100vw, 768px\" \/><figcaption class=\"wp-element-caption\">Ignacio Merino Mezza Chair<\/figcaption><\/figure>\n\n\n\n<figure class=\"wp-block-image size-large\"><img loading=\"lazy\" decoding=\"async\" width=\"768\" height=\"1024\" data-id=\"43008\" src=\"https:\/\/designdiffusion.com\/wp-content\/uploads\/2025\/10\/parasite-2.0-x-bianco67-_EDIT-Napoli-2024_ph.Francesco-Marano-EllerStudio_059-6-of-11-768x1024.jpg\" alt=\"\" class=\"wp-image-43008\" srcset=\"https:\/\/designdiffusion.com\/wp-content\/uploads\/2025\/10\/parasite-2.0-x-bianco67-_EDIT-Napoli-2024_ph.Francesco-Marano-EllerStudio_059-6-of-11-768x1024.jpg 768w, https:\/\/designdiffusion.com\/wp-content\/uploads\/2025\/10\/parasite-2.0-x-bianco67-_EDIT-Napoli-2024_ph.Francesco-Marano-EllerStudio_059-6-of-11-225x300.jpg 225w, https:\/\/designdiffusion.com\/wp-content\/uploads\/2025\/10\/parasite-2.0-x-bianco67-_EDIT-Napoli-2024_ph.Francesco-Marano-EllerStudio_059-6-of-11-1152x1536.jpg 1152w, https:\/\/designdiffusion.com\/wp-content\/uploads\/2025\/10\/parasite-2.0-x-bianco67-_EDIT-Napoli-2024_ph.Francesco-Marano-EllerStudio_059-6-of-11-1536x2048.jpg 1536w, https:\/\/designdiffusion.com\/wp-content\/uploads\/2025\/10\/parasite-2.0-x-bianco67-_EDIT-Napoli-2024_ph.Francesco-Marano-EllerStudio_059-6-of-11-scaled.jpg 1920w\" sizes=\"(max-width: 768px) 100vw, 768px\" \/><figcaption class=\"wp-element-caption\">parasite 2.0 x bianco67 <br\/>Ph Francesco Marano <\/figcaption><\/figure>\n<\/figure>\n\n<figure class=\"wp-block-gallery has-nested-images columns-default is-cropped wp-block-gallery-6 is-layout-flex wp-block-gallery-is-layout-flex\">\n<figure class=\"wp-block-image size-large\"><img loading=\"lazy\" decoding=\"async\" width=\"768\" height=\"1024\" data-id=\"43010\" src=\"https:\/\/designdiffusion.com\/wp-content\/uploads\/2025\/10\/PEOPLE-OF-THE-SUN_Aerie-768x1024.jpg\" alt=\"\" class=\"wp-image-43010\" srcset=\"https:\/\/designdiffusion.com\/wp-content\/uploads\/2025\/10\/PEOPLE-OF-THE-SUN_Aerie-768x1024.jpg 768w, https:\/\/designdiffusion.com\/wp-content\/uploads\/2025\/10\/PEOPLE-OF-THE-SUN_Aerie-225x300.jpg 225w, https:\/\/designdiffusion.com\/wp-content\/uploads\/2025\/10\/PEOPLE-OF-THE-SUN_Aerie-1152x1536.jpg 1152w, https:\/\/designdiffusion.com\/wp-content\/uploads\/2025\/10\/PEOPLE-OF-THE-SUN_Aerie-1536x2048.jpg 1536w, https:\/\/designdiffusion.com\/wp-content\/uploads\/2025\/10\/PEOPLE-OF-THE-SUN_Aerie-scaled.jpg 1920w\" sizes=\"(max-width: 768px) 100vw, 768px\" \/><figcaption class=\"wp-element-caption\">PEOPLE OF THE SUN<\/figcaption><\/figure>\n\n\n\n<figure class=\"wp-block-image size-large\"><img loading=\"lazy\" decoding=\"async\" width=\"684\" height=\"1024\" data-id=\"43014\" src=\"https:\/\/designdiffusion.com\/wp-content\/uploads\/2025\/10\/Thirtyone-Design-Management_CIPOLLA_Ph-Chiara-Cadeddu-684x1024.jpg\" alt=\"\" class=\"wp-image-43014\" srcset=\"https:\/\/designdiffusion.com\/wp-content\/uploads\/2025\/10\/Thirtyone-Design-Management_CIPOLLA_Ph-Chiara-Cadeddu-684x1024.jpg 684w, https:\/\/designdiffusion.com\/wp-content\/uploads\/2025\/10\/Thirtyone-Design-Management_CIPOLLA_Ph-Chiara-Cadeddu-200x300.jpg 200w, https:\/\/designdiffusion.com\/wp-content\/uploads\/2025\/10\/Thirtyone-Design-Management_CIPOLLA_Ph-Chiara-Cadeddu-768x1150.jpg 768w, https:\/\/designdiffusion.com\/wp-content\/uploads\/2025\/10\/Thirtyone-Design-Management_CIPOLLA_Ph-Chiara-Cadeddu-1026x1536.jpg 1026w, https:\/\/designdiffusion.com\/wp-content\/uploads\/2025\/10\/Thirtyone-Design-Management_CIPOLLA_Ph-Chiara-Cadeddu-1368x2048.jpg 1368w, https:\/\/designdiffusion.com\/wp-content\/uploads\/2025\/10\/Thirtyone-Design-Management_CIPOLLA_Ph-Chiara-Cadeddu-scaled.jpg 1710w\" sizes=\"(max-width: 684px) 100vw, 684px\" \/><figcaption class=\"wp-element-caption\">Thirtyone Design + Management CIPOLLA<br\/>Ph Chiara Cadeddu<\/figcaption><\/figure>\n<\/figure>\n\n<h3 class=\"wp-block-heading\">CULT 2025: design meets history<\/h3>\n\n<p>In this edition, design meets memory and takes root within the <strong>National Museums of Vomero<\/strong>, bringing CULT projects to exceptional spaces such as the <strong>Certosa di San Martino<\/strong>, <strong>Castel Sant\u2019Elmo<\/strong>, and <strong>Villa Floridiana<\/strong>.<\/p>\n\n<h4 class=\"wp-block-heading\">Some highlights of the CULT program:<\/h4>\n\n<ul class=\"wp-block-list\">\n<li><strong>PET Lamp Gurunsi<\/strong> by <em>Alvaro Catal\u00e1n de Oc\u00f3n <\/em>at the Certosa di San Martino<\/li>\n\n\n\n<li><strong>Animal Factory<\/strong> by <em>Luca Boscardin<\/em> for Magis at Castel Sant\u2019Elmo<\/li>\n\n\n\n<li><strong>Nomadaria<\/strong> by <em>Elena Salmistraro <\/em>for Officine Tamborrino at Villa Floridiana<\/li>\n<\/ul>\n\n<p>Three venues, three souls, one grand multidimensional story that spans eras, materials, and visions of the future.<\/p>\n\n<figure class=\"wp-block-gallery has-nested-images columns-default is-cropped wp-block-gallery-7 is-layout-flex wp-block-gallery-is-layout-flex\">\n<figure class=\"wp-block-image size-large\"><img loading=\"lazy\" decoding=\"async\" width=\"1024\" height=\"683\" data-id=\"43016\" src=\"https:\/\/designdiffusion.com\/wp-content\/uploads\/2025\/10\/Villa-Floridiana_Facciata-principale-dal-prato_Courtesy-of-Direzione-regionale-Musei-nazionali-Campania-Ministero-della-Cultura-1024x683.jpeg\" alt=\"\" class=\"wp-image-43016\" srcset=\"https:\/\/designdiffusion.com\/wp-content\/uploads\/2025\/10\/Villa-Floridiana_Facciata-principale-dal-prato_Courtesy-of-Direzione-regionale-Musei-nazionali-Campania-Ministero-della-Cultura-1024x683.jpeg 1024w, https:\/\/designdiffusion.com\/wp-content\/uploads\/2025\/10\/Villa-Floridiana_Facciata-principale-dal-prato_Courtesy-of-Direzione-regionale-Musei-nazionali-Campania-Ministero-della-Cultura-300x200.jpeg 300w, https:\/\/designdiffusion.com\/wp-content\/uploads\/2025\/10\/Villa-Floridiana_Facciata-principale-dal-prato_Courtesy-of-Direzione-regionale-Musei-nazionali-Campania-Ministero-della-Cultura-768x512.jpeg 768w, https:\/\/designdiffusion.com\/wp-content\/uploads\/2025\/10\/Villa-Floridiana_Facciata-principale-dal-prato_Courtesy-of-Direzione-regionale-Musei-nazionali-Campania-Ministero-della-Cultura-1536x1024.jpeg 1536w, https:\/\/designdiffusion.com\/wp-content\/uploads\/2025\/10\/Villa-Floridiana_Facciata-principale-dal-prato_Courtesy-of-Direzione-regionale-Musei-nazionali-Campania-Ministero-della-Cultura-2048x1365.jpeg 2048w\" sizes=\"(max-width: 1024px) 100vw, 1024px\" \/><figcaption class=\"wp-element-caption\"><br\/><br\/><br\/>Villa Floridiana<\/figcaption><\/figure>\n\n\n\n<figure class=\"wp-block-image size-large\"><img loading=\"lazy\" decoding=\"async\" width=\"1024\" height=\"683\" data-id=\"43018\" src=\"https:\/\/designdiffusion.com\/wp-content\/uploads\/2025\/10\/Castel-Sant_Elmo_Piazza-d_armi-Fermariello-2_Courtesy-of-Direzione-regionale-Musei-nazionali-Campania-Ministero-della-Cultura-1024x683.jpeg\" alt=\"\" class=\"wp-image-43018\" srcset=\"https:\/\/designdiffusion.com\/wp-content\/uploads\/2025\/10\/Castel-Sant_Elmo_Piazza-d_armi-Fermariello-2_Courtesy-of-Direzione-regionale-Musei-nazionali-Campania-Ministero-della-Cultura-1024x683.jpeg 1024w, https:\/\/designdiffusion.com\/wp-content\/uploads\/2025\/10\/Castel-Sant_Elmo_Piazza-d_armi-Fermariello-2_Courtesy-of-Direzione-regionale-Musei-nazionali-Campania-Ministero-della-Cultura-300x200.jpeg 300w, https:\/\/designdiffusion.com\/wp-content\/uploads\/2025\/10\/Castel-Sant_Elmo_Piazza-d_armi-Fermariello-2_Courtesy-of-Direzione-regionale-Musei-nazionali-Campania-Ministero-della-Cultura-768x512.jpeg 768w, https:\/\/designdiffusion.com\/wp-content\/uploads\/2025\/10\/Castel-Sant_Elmo_Piazza-d_armi-Fermariello-2_Courtesy-of-Direzione-regionale-Musei-nazionali-Campania-Ministero-della-Cultura-1536x1024.jpeg 1536w, https:\/\/designdiffusion.com\/wp-content\/uploads\/2025\/10\/Castel-Sant_Elmo_Piazza-d_armi-Fermariello-2_Courtesy-of-Direzione-regionale-Musei-nazionali-Campania-Ministero-della-Cultura-2048x1366.jpeg 2048w\" sizes=\"(max-width: 1024px) 100vw, 1024px\" \/><figcaption class=\"wp-element-caption\">Castel Sant&#8217;Elmo Piazza d&#8217;armi Fermariello<\/figcaption><\/figure>\n<\/figure>\n\n<h3 class=\"wp-block-heading\">Awards and international collaborations<\/h3>\n\n<p>As every year, <em>EDIT Napoli 2025<\/em> rewards innovation and originality. The international jury \u2014 featuring prominent figures such as <strong>Alvaro Catal\u00e1n de Oc\u00f3n<\/strong> and <strong>Claire Laurent<\/strong> \u2014 will award the prize for the best original project, granting the winner free participation in the 2026 edition. <\/p>\n\n<p>Furthermore, the collaboration with <strong>LABO Cultural Project <\/strong>continues, creating an ideal connection between Genoa and Naples in a creative dialogue set to carry on during <strong>Milan Design Week 2026<\/strong>.<\/p>\n\n<h3 class=\"wp-block-heading\">Beyond the fair: EXTRA events<\/h3>\n\n<p>The <em>EDIT Napoli 2025<\/em> program is completed by events and installations spread throughout the heart of the city:<\/p>\n\n<ul class=\"wp-block-list\">\n<li><strong>\u201cTechnology as Decoration\u201d<\/strong> by <em>Pietro Corraini <\/em>at La Santissima, where technology becomes play and material to be reinvented.<\/li>\n\n\n\n<li><strong>\u201cDICE DICE, PARE PARE\u201d<\/strong> by <em>Coralla Maiuri<\/em> at the Antica Salumeria Malinconico, an installation that transforms the ordinary into metaphysics.<\/li>\n\n\n\n<li><strong>Pizza and design<\/strong>: a collaboration with <em>Concettina ai Tre Santi <\/em>and <em>NSS Edicola<\/em>, where design is both tasted and told through a limited edition of plates and an exclusive pizza inspired by the fair\u2019s creativity.<\/li>\n<\/ul>\n\n<p>Online tickets available at <a href=\"https:\/\/editnapoli.com\/visit\">editnapoli.com\/visit<\/a><\/p>\n\n<p><\/p>\n","protected":false},"excerpt":{"rendered":"<p>From October 10 to 12, the seventh edition of the collectible and editorial design fair transforms Naples into a vibrant platform of innovation, culture, and experimentation Design never stands still \u2014 and neither does EDIT Napoli 2025.From October 10 to 12, the fair returns to transform the city of Naples into a creative epicenter where [&hellip;]<\/p>\n","protected":false},"author":2,"featured_media":43013,"comment_status":"open","ping_status":"open","sticky":false,"template":"","format":"standard","meta":{"footnotes":""},"categories":[328,329,333],"tags":[1511,965,948],"class_list":["post-43021","post","type-post","status-publish","format-standard","has-post-thumbnail","hentry","category-design","category-events-guide","category-news","tag-design-en","tag-event-en","tag-featured"],"yoast_head":"<!-- This site is optimized with the Yoast SEO plugin v27.0 - https:\/\/yoast.com\/product\/yoast-seo-wordpress\/ -->\n<title>EDIT Napoli 2025: design in motion! - Design Diffusion<\/title>\n<meta name=\"description\" content=\"From October 10 to 12, 2025, EDIT Napoli is back: editorial design, culture, and innovation in the city\u2019s iconic locations. Discover exhibitors and extra events!\" \/>\n<meta name=\"robots\" content=\"index, follow, max-snippet:-1, max-image-preview:large, max-video-preview:-1\" \/>\n<link rel=\"canonical\" href=\"https:\/\/designdiffusion.com\/en\/2025\/10\/10\/edit-napoli-2025-design-in-motion\/\" \/>\n<meta property=\"og:locale\" content=\"en_US\" \/>\n<meta property=\"og:type\" content=\"article\" \/>\n<meta property=\"og:title\" content=\"EDIT Napoli 2025: design in motion! - Design Diffusion\" \/>\n<meta property=\"og:description\" content=\"From October 10 to 12, 2025, EDIT Napoli is back: editorial design, culture, and innovation in the city\u2019s iconic locations. Discover exhibitors and extra events!\" \/>\n<meta property=\"og:url\" content=\"https:\/\/designdiffusion.com\/en\/2025\/10\/10\/edit-napoli-2025-design-in-motion\/\" \/>\n<meta property=\"og:site_name\" content=\"Design Diffusion\" \/>\n<meta property=\"article:published_time\" content=\"2025-10-10T04:18:00+00:00\" \/>\n<meta property=\"article:modified_time\" content=\"2025-10-10T19:59:20+00:00\" \/>\n<meta property=\"og:image\" content=\"https:\/\/designdiffusion.com\/wp-content\/uploads\/2025\/10\/Roee-Ben-Yeuhda_Drawer-Chair-Photo-by-Uri-Bareket-100-scaled.jpg\" \/>\n\t<meta property=\"og:image:width\" content=\"2560\" \/>\n\t<meta property=\"og:image:height\" content=\"1440\" \/>\n\t<meta property=\"og:image:type\" content=\"image\/jpeg\" \/>\n<meta name=\"author\" content=\"Digital DDW\" \/>\n<meta name=\"twitter:card\" content=\"summary_large_image\" \/>\n<meta name=\"twitter:label1\" content=\"Written by\" \/>\n\t<meta name=\"twitter:data1\" content=\"Digital DDW\" \/>\n\t<meta name=\"twitter:label2\" content=\"Est. reading time\" \/>\n\t<meta name=\"twitter:data2\" content=\"3 minutes\" \/>\n<script type=\"application\/ld+json\" class=\"yoast-schema-graph\">{\"@context\":\"https:\/\/schema.org\",\"@graph\":[{\"@type\":\"Article\",\"@id\":\"https:\/\/designdiffusion.com\/en\/2025\/10\/10\/edit-napoli-2025-design-in-motion\/#article\",\"isPartOf\":{\"@id\":\"https:\/\/designdiffusion.com\/en\/2025\/10\/10\/edit-napoli-2025-design-in-motion\/\"},\"author\":{\"name\":\"Digital DDW\",\"@id\":\"https:\/\/designdiffusion.com\/en\/#\/schema\/person\/ebe5c30a3caa948ea8326849e9e43b63\"},\"headline\":\"EDIT Napoli 2025: design in motion!\",\"datePublished\":\"2025-10-10T04:18:00+00:00\",\"dateModified\":\"2025-10-10T19:59:20+00:00\",\"mainEntityOfPage\":{\"@id\":\"https:\/\/designdiffusion.com\/en\/2025\/10\/10\/edit-napoli-2025-design-in-motion\/\"},\"wordCount\":620,\"commentCount\":0,\"publisher\":{\"@id\":\"https:\/\/designdiffusion.com\/en\/#organization\"},\"image\":{\"@id\":\"https:\/\/designdiffusion.com\/en\/2025\/10\/10\/edit-napoli-2025-design-in-motion\/#primaryimage\"},\"thumbnailUrl\":\"https:\/\/designdiffusion.com\/wp-content\/uploads\/2025\/10\/Roee-Ben-Yeuhda_Drawer-Chair-Photo-by-Uri-Bareket-100-scaled.jpg\",\"keywords\":[\"design\",\"event\",\"featured\"],\"articleSection\":[\"Design\",\"Events guide\",\"News\"],\"inLanguage\":\"en-US\",\"potentialAction\":[{\"@type\":\"CommentAction\",\"name\":\"Comment\",\"target\":[\"https:\/\/designdiffusion.com\/en\/2025\/10\/10\/edit-napoli-2025-design-in-motion\/#respond\"]}]},{\"@type\":\"WebPage\",\"@id\":\"https:\/\/designdiffusion.com\/en\/2025\/10\/10\/edit-napoli-2025-design-in-motion\/\",\"url\":\"https:\/\/designdiffusion.com\/en\/2025\/10\/10\/edit-napoli-2025-design-in-motion\/\",\"name\":\"EDIT Napoli 2025: design in motion! - Design Diffusion\",\"isPartOf\":{\"@id\":\"https:\/\/designdiffusion.com\/en\/#website\"},\"primaryImageOfPage\":{\"@id\":\"https:\/\/designdiffusion.com\/en\/2025\/10\/10\/edit-napoli-2025-design-in-motion\/#primaryimage\"},\"image\":{\"@id\":\"https:\/\/designdiffusion.com\/en\/2025\/10\/10\/edit-napoli-2025-design-in-motion\/#primaryimage\"},\"thumbnailUrl\":\"https:\/\/designdiffusion.com\/wp-content\/uploads\/2025\/10\/Roee-Ben-Yeuhda_Drawer-Chair-Photo-by-Uri-Bareket-100-scaled.jpg\",\"datePublished\":\"2025-10-10T04:18:00+00:00\",\"dateModified\":\"2025-10-10T19:59:20+00:00\",\"description\":\"From October 10 to 12, 2025, EDIT Napoli is back: editorial design, culture, and innovation in the city\u2019s iconic locations. Discover exhibitors and extra events!\",\"breadcrumb\":{\"@id\":\"https:\/\/designdiffusion.com\/en\/2025\/10\/10\/edit-napoli-2025-design-in-motion\/#breadcrumb\"},\"inLanguage\":\"en-US\",\"potentialAction\":[{\"@type\":\"ReadAction\",\"target\":[\"https:\/\/designdiffusion.com\/en\/2025\/10\/10\/edit-napoli-2025-design-in-motion\/\"]}]},{\"@type\":\"ImageObject\",\"inLanguage\":\"en-US\",\"@id\":\"https:\/\/designdiffusion.com\/en\/2025\/10\/10\/edit-napoli-2025-design-in-motion\/#primaryimage\",\"url\":\"https:\/\/designdiffusion.com\/wp-content\/uploads\/2025\/10\/Roee-Ben-Yeuhda_Drawer-Chair-Photo-by-Uri-Bareket-100-scaled.jpg\",\"contentUrl\":\"https:\/\/designdiffusion.com\/wp-content\/uploads\/2025\/10\/Roee-Ben-Yeuhda_Drawer-Chair-Photo-by-Uri-Bareket-100-scaled.jpg\",\"width\":2560,\"height\":1440,\"caption\":\"Roee Ben Yeuhda_Drawer-Chair---Photo-by-Uri-Bareket-100\"},{\"@type\":\"BreadcrumbList\",\"@id\":\"https:\/\/designdiffusion.com\/en\/2025\/10\/10\/edit-napoli-2025-design-in-motion\/#breadcrumb\",\"itemListElement\":[{\"@type\":\"ListItem\",\"position\":1,\"name\":\"Home\",\"item\":\"https:\/\/designdiffusion.com\/en\/\"},{\"@type\":\"ListItem\",\"position\":2,\"name\":\"Design\",\"item\":\"https:\/\/designdiffusion.com\/en\/design\/\"},{\"@type\":\"ListItem\",\"position\":3,\"name\":\"EDIT Napoli 2025: design in motion!\"}]},{\"@type\":\"WebSite\",\"@id\":\"https:\/\/designdiffusion.com\/en\/#website\",\"url\":\"https:\/\/designdiffusion.com\/en\/\",\"name\":\"Design Diffusion\",\"description\":\"\",\"publisher\":{\"@id\":\"https:\/\/designdiffusion.com\/en\/#organization\"},\"potentialAction\":[{\"@type\":\"SearchAction\",\"target\":{\"@type\":\"EntryPoint\",\"urlTemplate\":\"https:\/\/designdiffusion.com\/en\/?s={search_term_string}\"},\"query-input\":{\"@type\":\"PropertyValueSpecification\",\"valueRequired\":true,\"valueName\":\"search_term_string\"}}],\"inLanguage\":\"en-US\"},{\"@type\":\"Organization\",\"@id\":\"https:\/\/designdiffusion.com\/en\/#organization\",\"name\":\"Design Diffusion\",\"url\":\"https:\/\/designdiffusion.com\/en\/\",\"logo\":{\"@type\":\"ImageObject\",\"inLanguage\":\"en-US\",\"@id\":\"https:\/\/designdiffusion.com\/en\/#\/schema\/logo\/image\/\",\"url\":\"https:\/\/designdiffusion.com\/wp-content\/uploads\/2023\/07\/cropped-LOGO.webp\",\"contentUrl\":\"https:\/\/designdiffusion.com\/wp-content\/uploads\/2023\/07\/cropped-LOGO.webp\",\"width\":254,\"height\":94,\"caption\":\"Design Diffusion\"},\"image\":{\"@id\":\"https:\/\/designdiffusion.com\/en\/#\/schema\/logo\/image\/\"}},{\"@type\":\"Person\",\"@id\":\"https:\/\/designdiffusion.com\/en\/#\/schema\/person\/ebe5c30a3caa948ea8326849e9e43b63\",\"name\":\"Digital DDW\",\"image\":{\"@type\":\"ImageObject\",\"inLanguage\":\"en-US\",\"@id\":\"https:\/\/designdiffusion.com\/en\/#\/schema\/person\/image\/\",\"url\":\"https:\/\/secure.gravatar.com\/avatar\/6b0321b27a44c75f59d2df42e21c551ba7eec4810c2df16f79ec8c614e91215d?s=96&d=mm&r=g\",\"contentUrl\":\"https:\/\/secure.gravatar.com\/avatar\/6b0321b27a44c75f59d2df42e21c551ba7eec4810c2df16f79ec8c614e91215d?s=96&d=mm&r=g\",\"caption\":\"Digital DDW\"},\"url\":\"https:\/\/designdiffusion.com\/en\/author\/digital-ddw\/\"}]}<\/script>\n<!-- \/ Yoast SEO plugin. -->","yoast_head_json":{"title":"EDIT Napoli 2025: design in motion! - Design Diffusion","description":"From October 10 to 12, 2025, EDIT Napoli is back: editorial design, culture, and innovation in the city\u2019s iconic locations. Discover exhibitors and extra events!","robots":{"index":"index","follow":"follow","max-snippet":"max-snippet:-1","max-image-preview":"max-image-preview:large","max-video-preview":"max-video-preview:-1"},"canonical":"https:\/\/designdiffusion.com\/en\/2025\/10\/10\/edit-napoli-2025-design-in-motion\/","og_locale":"en_US","og_type":"article","og_title":"EDIT Napoli 2025: design in motion! - Design Diffusion","og_description":"From October 10 to 12, 2025, EDIT Napoli is back: editorial design, culture, and innovation in the city\u2019s iconic locations. Discover exhibitors and extra events!","og_url":"https:\/\/designdiffusion.com\/en\/2025\/10\/10\/edit-napoli-2025-design-in-motion\/","og_site_name":"Design Diffusion","article_published_time":"2025-10-10T04:18:00+00:00","article_modified_time":"2025-10-10T19:59:20+00:00","og_image":[{"width":2560,"height":1440,"url":"https:\/\/designdiffusion.com\/wp-content\/uploads\/2025\/10\/Roee-Ben-Yeuhda_Drawer-Chair-Photo-by-Uri-Bareket-100-scaled.jpg","type":"image\/jpeg"}],"author":"Digital DDW","twitter_card":"summary_large_image","twitter_misc":{"Written by":"Digital DDW","Est. reading time":"3 minutes"},"schema":{"@context":"https:\/\/schema.org","@graph":[{"@type":"Article","@id":"https:\/\/designdiffusion.com\/en\/2025\/10\/10\/edit-napoli-2025-design-in-motion\/#article","isPartOf":{"@id":"https:\/\/designdiffusion.com\/en\/2025\/10\/10\/edit-napoli-2025-design-in-motion\/"},"author":{"name":"Digital DDW","@id":"https:\/\/designdiffusion.com\/en\/#\/schema\/person\/ebe5c30a3caa948ea8326849e9e43b63"},"headline":"EDIT Napoli 2025: design in motion!","datePublished":"2025-10-10T04:18:00+00:00","dateModified":"2025-10-10T19:59:20+00:00","mainEntityOfPage":{"@id":"https:\/\/designdiffusion.com\/en\/2025\/10\/10\/edit-napoli-2025-design-in-motion\/"},"wordCount":620,"commentCount":0,"publisher":{"@id":"https:\/\/designdiffusion.com\/en\/#organization"},"image":{"@id":"https:\/\/designdiffusion.com\/en\/2025\/10\/10\/edit-napoli-2025-design-in-motion\/#primaryimage"},"thumbnailUrl":"https:\/\/designdiffusion.com\/wp-content\/uploads\/2025\/10\/Roee-Ben-Yeuhda_Drawer-Chair-Photo-by-Uri-Bareket-100-scaled.jpg","keywords":["design","event","featured"],"articleSection":["Design","Events guide","News"],"inLanguage":"en-US","potentialAction":[{"@type":"CommentAction","name":"Comment","target":["https:\/\/designdiffusion.com\/en\/2025\/10\/10\/edit-napoli-2025-design-in-motion\/#respond"]}]},{"@type":"WebPage","@id":"https:\/\/designdiffusion.com\/en\/2025\/10\/10\/edit-napoli-2025-design-in-motion\/","url":"https:\/\/designdiffusion.com\/en\/2025\/10\/10\/edit-napoli-2025-design-in-motion\/","name":"EDIT Napoli 2025: design in motion! - Design Diffusion","isPartOf":{"@id":"https:\/\/designdiffusion.com\/en\/#website"},"primaryImageOfPage":{"@id":"https:\/\/designdiffusion.com\/en\/2025\/10\/10\/edit-napoli-2025-design-in-motion\/#primaryimage"},"image":{"@id":"https:\/\/designdiffusion.com\/en\/2025\/10\/10\/edit-napoli-2025-design-in-motion\/#primaryimage"},"thumbnailUrl":"https:\/\/designdiffusion.com\/wp-content\/uploads\/2025\/10\/Roee-Ben-Yeuhda_Drawer-Chair-Photo-by-Uri-Bareket-100-scaled.jpg","datePublished":"2025-10-10T04:18:00+00:00","dateModified":"2025-10-10T19:59:20+00:00","description":"From October 10 to 12, 2025, EDIT Napoli is back: editorial design, culture, and innovation in the city\u2019s iconic locations. Discover exhibitors and extra events!","breadcrumb":{"@id":"https:\/\/designdiffusion.com\/en\/2025\/10\/10\/edit-napoli-2025-design-in-motion\/#breadcrumb"},"inLanguage":"en-US","potentialAction":[{"@type":"ReadAction","target":["https:\/\/designdiffusion.com\/en\/2025\/10\/10\/edit-napoli-2025-design-in-motion\/"]}]},{"@type":"ImageObject","inLanguage":"en-US","@id":"https:\/\/designdiffusion.com\/en\/2025\/10\/10\/edit-napoli-2025-design-in-motion\/#primaryimage","url":"https:\/\/designdiffusion.com\/wp-content\/uploads\/2025\/10\/Roee-Ben-Yeuhda_Drawer-Chair-Photo-by-Uri-Bareket-100-scaled.jpg","contentUrl":"https:\/\/designdiffusion.com\/wp-content\/uploads\/2025\/10\/Roee-Ben-Yeuhda_Drawer-Chair-Photo-by-Uri-Bareket-100-scaled.jpg","width":2560,"height":1440,"caption":"Roee Ben Yeuhda_Drawer-Chair---Photo-by-Uri-Bareket-100"},{"@type":"BreadcrumbList","@id":"https:\/\/designdiffusion.com\/en\/2025\/10\/10\/edit-napoli-2025-design-in-motion\/#breadcrumb","itemListElement":[{"@type":"ListItem","position":1,"name":"Home","item":"https:\/\/designdiffusion.com\/en\/"},{"@type":"ListItem","position":2,"name":"Design","item":"https:\/\/designdiffusion.com\/en\/design\/"},{"@type":"ListItem","position":3,"name":"EDIT Napoli 2025: design in motion!"}]},{"@type":"WebSite","@id":"https:\/\/designdiffusion.com\/en\/#website","url":"https:\/\/designdiffusion.com\/en\/","name":"Design Diffusion","description":"","publisher":{"@id":"https:\/\/designdiffusion.com\/en\/#organization"},"potentialAction":[{"@type":"SearchAction","target":{"@type":"EntryPoint","urlTemplate":"https:\/\/designdiffusion.com\/en\/?s={search_term_string}"},"query-input":{"@type":"PropertyValueSpecification","valueRequired":true,"valueName":"search_term_string"}}],"inLanguage":"en-US"},{"@type":"Organization","@id":"https:\/\/designdiffusion.com\/en\/#organization","name":"Design Diffusion","url":"https:\/\/designdiffusion.com\/en\/","logo":{"@type":"ImageObject","inLanguage":"en-US","@id":"https:\/\/designdiffusion.com\/en\/#\/schema\/logo\/image\/","url":"https:\/\/designdiffusion.com\/wp-content\/uploads\/2023\/07\/cropped-LOGO.webp","contentUrl":"https:\/\/designdiffusion.com\/wp-content\/uploads\/2023\/07\/cropped-LOGO.webp","width":254,"height":94,"caption":"Design Diffusion"},"image":{"@id":"https:\/\/designdiffusion.com\/en\/#\/schema\/logo\/image\/"}},{"@type":"Person","@id":"https:\/\/designdiffusion.com\/en\/#\/schema\/person\/ebe5c30a3caa948ea8326849e9e43b63","name":"Digital DDW","image":{"@type":"ImageObject","inLanguage":"en-US","@id":"https:\/\/designdiffusion.com\/en\/#\/schema\/person\/image\/","url":"https:\/\/secure.gravatar.com\/avatar\/6b0321b27a44c75f59d2df42e21c551ba7eec4810c2df16f79ec8c614e91215d?s=96&d=mm&r=g","contentUrl":"https:\/\/secure.gravatar.com\/avatar\/6b0321b27a44c75f59d2df42e21c551ba7eec4810c2df16f79ec8c614e91215d?s=96&d=mm&r=g","caption":"Digital DDW"},"url":"https:\/\/designdiffusion.com\/en\/author\/digital-ddw\/"}]}},"_links":{"self":[{"href":"https:\/\/designdiffusion.com\/en\/wp-json\/wp\/v2\/posts\/43021","targetHints":{"allow":["GET"]}}],"collection":[{"href":"https:\/\/designdiffusion.com\/en\/wp-json\/wp\/v2\/posts"}],"about":[{"href":"https:\/\/designdiffusion.com\/en\/wp-json\/wp\/v2\/types\/post"}],"author":[{"embeddable":true,"href":"https:\/\/designdiffusion.com\/en\/wp-json\/wp\/v2\/users\/2"}],"replies":[{"embeddable":true,"href":"https:\/\/designdiffusion.com\/en\/wp-json\/wp\/v2\/comments?post=43021"}],"version-history":[{"count":0,"href":"https:\/\/designdiffusion.com\/en\/wp-json\/wp\/v2\/posts\/43021\/revisions"}],"wp:featuredmedia":[{"embeddable":true,"href":"https:\/\/designdiffusion.com\/en\/wp-json\/wp\/v2\/media\/43013"}],"wp:attachment":[{"href":"https:\/\/designdiffusion.com\/en\/wp-json\/wp\/v2\/media?parent=43021"}],"wp:term":[{"taxonomy":"category","embeddable":true,"href":"https:\/\/designdiffusion.com\/en\/wp-json\/wp\/v2\/categories?post=43021"},{"taxonomy":"post_tag","embeddable":true,"href":"https:\/\/designdiffusion.com\/en\/wp-json\/wp\/v2\/tags?post=43021"}],"curies":[{"name":"wp","href":"https:\/\/api.w.org\/{rel}","templated":true}]}}